{"id":12125,"date":"2020-05-08T19:17:52","date_gmt":"2020-05-09T00:17:52","guid":{"rendered":"http:\/\/www.zonaroja.com.mx\/?p=12125"},"modified":"2020-05-08T19:17:56","modified_gmt":"2020-05-09T00:17:56","slug":"comision-electoral-de-la-uabjo-aprueba-continuidad-de-funcionarios","status":"publish","type":"post","link":"https:\/\/zonaroja.com.mx\/?p=12125","title":{"rendered":"Comisi\u00f3n Electoral de la UABJO aprueba continuidad de funcionarios"},"content":{"rendered":"\n<p>Redacci\u00f3n\/Zona\nRoja.<\/p>\n\n\n\n<p>Oaxaca de\nJu\u00e1rez, Oax., 8 de mayo de 2020.- Por unanimidad, la Comisi\u00f3n Electoral de la\nUniversidad Aut\u00f3noma \u00abBenito Ju\u00e1rez\u00bb de Oaxaca (UABJO), determin\u00f3 la\ncontinuidad en sus funciones de los actuales funcionarios administrativos.<\/p>\n\n\n\n<p>En un\ncomunicado, la instituci\u00f3n inform\u00f3 que este \u00f3rgano efectu\u00f3 una sesi\u00f3n ordinaria\nrealizada de forma virtual, donde se tom\u00f3 la determinaci\u00f3n, tomando en\nconsideraci\u00f3n la necesidad de generar una estabilidad institucional.<\/p>\n\n\n\n<p>A\u00f1adi\u00f3\nadem\u00e1s que los integrantes de la Comisi\u00f3n Electoral, reconocieron el trabajo\nque la Comisi\u00f3n T\u00e9cnica de Medidas de Salud, el rector, Eduardo Bautista\nMart\u00ednez y en conjunto la administraci\u00f3n central, han desarrollado en beneficio\nde la Comunidad Universitaria.<\/p>\n\n\n\n<p>Convinieron\ntambi\u00e9n en redoblar esfuerzos para hacer que el ciclo escolar pueda ser eficaz;\nde igual forma reiniciar en breve las actividades administrativas y no generar\nvac\u00edos de cumplimiento en las obligaciones contractuales.<\/p>\n\n\n\n<p>Esta\n\u00faltima decisi\u00f3n ser\u00e1 llevada de forma inmediata al pleno del Consejo\nUniversitario.<\/p>\n\n\n\n<p>Detall\u00f3\nque para lograr este fin, los directores de las distintas escuelas, facultades\ne institutos, recabar\u00e1n por escrito la opini\u00f3n y votaci\u00f3n de cada uno de los\nintegrantes del m\u00e1ximo \u00f3rgano de gobierno universitario.<\/p>\n\n\n\n<p>Con esta\ndeterminaci\u00f3n la Universidad, cumple lo establecido por los gobiernos federal, estatal\ny municipal, y cierra filas en ejercicio pleno de su autonom\u00eda, ante esta\ncontingencia sanitaria mundial, remarc\u00f3.<\/p>\n","protected":false},"excerpt":{"rendered":"<p>Redacci\u00f3n\/Zona Roja. Oaxaca de Ju\u00e1rez, Oax., 8 de mayo de 2020.- Por unanimidad, la Comisi\u00f3n&hellip;<\/p>\n","protected":false},"author":2,"featured_media":12126,"comment_status":"closed","ping_status":"open","sticky":false,"template":"","format":"standard","meta":{"_lmt_disableupdate":"","_lmt_disable":"","_jetpack_memberships_contains_paid_content":false,"footnotes":""},"categories":[109,46],"tags":[282],"class_list":["post-12125","post","type-post","status-publish","format-standard","has-post-thumbnail","hentry","category-minuto-a-minuto","category-zona-blanca","tag-universidad-autonoma-benito-juarez-de-oaxaca"],"jetpack_featured_media_url":"https:\/\/zonaroja.com.mx\/wp-content\/uploads\/2020\/05\/1-3.jpg","jetpack_sharing_enabled":true,"_links":{"self":[{"href":"https:\/\/zonaroja.com.mx\/index.php?rest_route=\/wp\/v2\/posts\/12125","targetHints":{"allow":["GET"]}}],"collection":[{"href":"https:\/\/zonaroja.com.mx\/index.php?rest_route=\/wp\/v2\/posts"}],"about":[{"href":"https:\/\/zonaroja.com.mx\/index.php?rest_route=\/wp\/v2\/types\/post"}],"author":[{"embeddable":true,"href":"https:\/\/zonaroja.com.mx\/index.php?rest_route=\/wp\/v2\/users\/2"}],"replies":[{"embeddable":true,"href":"https:\/\/zonaroja.com.mx\/index.php?rest_route=%2Fwp%2Fv2%2Fcomments&post=12125"}],"version-history":[{"count":1,"href":"https:\/\/zonaroja.com.mx\/index.php?rest_route=\/wp\/v2\/posts\/12125\/revisions"}],"predecessor-version":[{"id":12127,"href":"https:\/\/zonaroja.com.mx\/index.php?rest_route=\/wp\/v2\/posts\/12125\/revisions\/12127"}],"wp:featuredmedia":[{"embeddable":true,"href":"https:\/\/zonaroja.com.mx\/index.php?rest_route=\/wp\/v2\/media\/12126"}],"wp:attachment":[{"href":"https:\/\/zonaroja.com.mx\/index.php?rest_route=%2Fwp%2Fv2%2Fmedia&parent=12125"}],"wp:term":[{"taxonomy":"category","embeddable":true,"href":"https:\/\/zonaroja.com.mx\/index.php?rest_route=%2Fwp%2Fv2%2Fcategories&post=12125"},{"taxonomy":"post_tag","embeddable":true,"href":"https:\/\/zonaroja.com.mx\/index.php?rest_route=%2Fwp%2Fv2%2Ftags&post=12125"}],"curies":[{"name":"wp","href":"https:\/\/api.w.org\/{rel}","templated":true}]}}