{"id":12128,"date":"2020-05-08T19:52:16","date_gmt":"2020-05-09T00:52:16","guid":{"rendered":"http:\/\/www.zonaroja.com.mx\/?p=12128"},"modified":"2020-05-08T19:52:19","modified_gmt":"2020-05-09T00:52:19","slug":"sindicato-del-imss-exige-salida-de-jefes-por-contagios-de-covid-19-en-oficinas","status":"publish","type":"post","link":"https:\/\/zonaroja.com.mx\/?p=12128","title":{"rendered":"Sindicato del IMSS exige salida de jefes por contagios de Covid-19 en oficinas"},"content":{"rendered":"\n<p>Yuridiana\nSosa\/Zona Roja.<\/p>\n\n\n\n<p>Oaxaca de\nJu\u00e1rez, Oax., 8 de mayo de 2020.- Trabajadores del Instituto Mexicano del\nSeguro Social (IMSS) denunciaron omisiones en las medidas de seguridad y la\npropagaci\u00f3n de contagios entre el personal de Prestaciones M\u00e9dicas, por lo que\nexigen la destituci\u00f3n de la jefa de \u00e1rea, Martha Escobar V\u00e1zquez.<\/p>\n\n\n\n<p>Integrantes\ndel Sindicato Nacional Libre de los Trabajadores del Seguro Social exhibieron\np\u00fablicamente las condiciones en las que laboran, pues adem\u00e1s de la falta de\ninsumos, el pasado 5 de mayo trascendi\u00f3 que dos coordinadores de la jefatura de\nm\u00e9dicos dieron positivo a Covid- 19.<\/p>\n\n\n\n<p>Asimismo,\notro trabajador de la propia jefatura, familiar de Escobar V\u00e1zquez, fue\nretirado de sus actividades al contar con un integrante de su familia\nhospitalizado por Covid-19, pero a pesar de eso no se han tomado las medidas\nsanitarias correspondientes en esta \u00e1rea de trabajo.<\/p>\n\n\n\n<p>Por tal\nmotivo, los sindicalizados responsabilizaron a Martha Escobar de los da\u00f1os a la\nsalud de sus compa\u00f1eros, pues no procur\u00f3 los protocolos para laborar; no\nproporcion\u00f3 cubrebocas, gel antibacterial y permanecieron en hacinamiento en\nlas oficinas.<\/p>\n\n\n\n<p>Los\ntrabajadores tambi\u00e9n reprocharon la labor del delegado del IMSS, Jos\u00e9 David Orgaz\nFern\u00e1ndez, quien mantiene \u201ccompadrazgos\u201d para nombramientos de los jefes de\n\u00e1reas, lo cual presum\u00eda que terminar\u00eda ante su llegada, pues fue elegido entre\nlos mejores perfiles de una convocatoria, seg\u00fan acusaron.<\/p>\n","protected":false},"excerpt":{"rendered":"<p>Yuridiana Sosa\/Zona Roja. Oaxaca de Ju\u00e1rez, Oax., 8 de mayo de 2020.- Trabajadores del Instituto&hellip;<\/p>\n","protected":false},"author":2,"featured_media":7532,"comment_status":"closed","ping_status":"open","sticky":false,"template":"","format":"standard","meta":{"_lmt_disableupdate":"","_lmt_disable":"","_jetpack_memberships_contains_paid_content":false,"footnotes":""},"categories":[109,47],"tags":[1261],"class_list":["post-12128","post","type-post","status-publish","format-standard","has-post-thumbnail","hentry","category-minuto-a-minuto","category-zona-gris","tag-delegacion-del-imss-oaxaca"],"jetpack_featured_media_url":"https:\/\/zonaroja.com.mx\/wp-content\/uploads\/2020\/01\/IMSS-Oaxaca.jpg","jetpack_sharing_enabled":true,"_links":{"self":[{"href":"https:\/\/zonaroja.com.mx\/index.php?rest_route=\/wp\/v2\/posts\/12128","targetHints":{"allow":["GET"]}}],"collection":[{"href":"https:\/\/zonaroja.com.mx\/index.php?rest_route=\/wp\/v2\/posts"}],"about":[{"href":"https:\/\/zonaroja.com.mx\/index.php?rest_route=\/wp\/v2\/types\/post"}],"author":[{"embeddable":true,"href":"https:\/\/zonaroja.com.mx\/index.php?rest_route=\/wp\/v2\/users\/2"}],"replies":[{"embeddable":true,"href":"https:\/\/zonaroja.com.mx\/index.php?rest_route=%2Fwp%2Fv2%2Fcomments&post=12128"}],"version-history":[{"count":1,"href":"https:\/\/zonaroja.com.mx\/index.php?rest_route=\/wp\/v2\/posts\/12128\/revisions"}],"predecessor-version":[{"id":12129,"href":"https:\/\/zonaroja.com.mx\/index.php?rest_route=\/wp\/v2\/posts\/12128\/revisions\/12129"}],"wp:featuredmedia":[{"embeddable":true,"href":"https:\/\/zonaroja.com.mx\/index.php?rest_route=\/wp\/v2\/media\/7532"}],"wp:attachment":[{"href":"https:\/\/zonaroja.com.mx\/index.php?rest_route=%2Fwp%2Fv2%2Fmedia&parent=12128"}],"wp:term":[{"taxonomy":"category","embeddable":true,"href":"https:\/\/zonaroja.com.mx\/index.php?rest_route=%2Fwp%2Fv2%2Fcategories&post=12128"},{"taxonomy":"post_tag","embeddable":true,"href":"https:\/\/zonaroja.com.mx\/index.php?rest_route=%2Fwp%2Fv2%2Ftags&post=12128"}],"curies":[{"name":"wp","href":"https:\/\/api.w.org\/{rel}","templated":true}]}}