{"id":12133,"date":"2020-05-08T21:15:50","date_gmt":"2020-05-09T02:15:50","guid":{"rendered":"http:\/\/www.zonaroja.com.mx\/?p=12133"},"modified":"2020-05-08T21:22:13","modified_gmt":"2020-05-09T02:22:13","slug":"descarta-sspo-contagiados-por-covid-19-en-reclusorios-de-oaxaca","status":"publish","type":"post","link":"https:\/\/zonaroja.com.mx\/?p=12133","title":{"rendered":"Descarta SSPO contagiados por Covid-19 en reclusorios de Oaxaca"},"content":{"rendered":"\n<p>Ismael\nGarc\u00eda M.\/Zona Roja.<\/p>\n\n\n\n<p>San\nFrancisco Tanivet, Tlacolula, Oax., 8 de mayo de 2020.- La Secretar\u00eda de\nSeguridad P\u00fablica de Oaxaca (SSPO) descart\u00f3 contagios de Covid-19 en los reclusorios\nestatales a su cargo, donde hay una poblaci\u00f3n aproximada de tres mil 652\ninternos.<\/p>\n\n\n\n<p>\u201cA la\nfecha, podemos mencionar que no tenemos un solo caso de coronavirus en la\npoblaci\u00f3n penitenciaria; se han tomado todas las medidas preventivas\nnecesarias; tampoco lo tenemos entre el personal operativo de la Secretar\u00eda\u201d,\ndijo el titular de la dependencia, Ra\u00fal Ernesto Salcedo Rosales.<\/p>\n\n\n\n<p>El funcionario acudi\u00f3 a supervisar el traslado de 49 personas privadas de su libertad, de Santa Mar\u00eda Ixcotel hacia San Francisco Tanivet, a fin de reducir los riesgos de contagio, por ser personas adultas mayores y con enfermedades cr\u00f3nico-degenerativas.<\/p>\n\n\n\n<figure class=\"wp-block-embed-twitter wp-block-embed is-type-rich is-provider-twitter\"><div class=\"wp-block-embed__wrapper\">\n<div class=\"twitter-tweet\"><blockquote class=\"twitter-tweet\" data-lang=\"es\"><p lang=\"es\" dir=\"ltr\"><a href=\"https:\/\/twitter.com\/hashtag\/%C3%9AltimoMinuto?src=hash&amp;ref_src=twsrc%5Etfw\">#\u00daltimoMinuto<\/a> <br>A fin de resguardar la salud de adultos mayores,ante la vulnerabilidad al coronavirus, por indicaciones del titular del Poder Ejecutivo, la <a href=\"https:\/\/twitter.com\/SSP_GobOax?ref_src=twsrc%5Etfw\">@SSP_GobOax<\/a> traslad\u00f3 a 49 personas privadas de su libertad del reclusorio de Santa Mar\u00eda Ixcotel al de San Francisco Tanivet. <a href=\"https:\/\/t.co\/R5nifsS4SN\">pic.twitter.com\/R5nifsS4SN<\/a><\/p>&mdash; Zona Roja Oaxaca (@MexRoja) <a href=\"https:\/\/twitter.com\/MexRoja\/status\/1258782061621477377?ref_src=twsrc%5Etfw\">8 de mayo de 2020<\/a><\/blockquote><\/div>\n<\/div><\/figure>\n\n\n\n<p>\u201cConsideramos\noportuno que estando en la Fase 3 del Covid-19, podemos reducir los riesgos de\nellos y reubicarlos en espacios previamente sanitizados\u201d, explic\u00f3 el\nfuncionario, al detallar que en el \u00e1rea en que se encuentran actualmente no hay\ncontacto con otras personas y se les mantiene en contacto permanente.<\/p>\n\n\n\n<p>En entrevista,\nindic\u00f3 que se estableci\u00f3 comunicaci\u00f3n con los familiares de los internos para\nque conozcan su nueva ubicaci\u00f3n y se les ha explicado que es por una raz\u00f3n de\nsalud p\u00fablica.<\/p>\n\n\n\n<p>En el Centro de Reinserci\u00f3n Social de mediana seguridad, hay aproximadamente 60 por ciento de espacio disponible para la poblaci\u00f3n penitenciaria y los adultos mayores fueron ubicados en una nave especial, donde tienen atenci\u00f3n m\u00e9dica y psicol\u00f3gica.<\/p>\n\n\n\n<figure class=\"wp-block-embed-twitter wp-block-embed is-type-rich is-provider-twitter\"><div class=\"wp-block-embed__wrapper\">\n<div class=\"twitter-tweet\"><blockquote class=\"twitter-tweet\" data-lang=\"es\"><p lang=\"es\" dir=\"ltr\"><a href=\"https:\/\/twitter.com\/hashtag\/%C3%9AltimoMinuto?src=hash&amp;ref_src=twsrc%5Etfw\">#\u00daltimoMinuto<\/a> <br>As\u00ed fue el traslado de 49 adultos mayores privados de su libertad, del reclusorio de Santa Mar\u00eda Ixcotel al de Tanivet, Tlacolula. <br>Titulares de la <a href=\"https:\/\/twitter.com\/SSP_GobOax?ref_src=twsrc%5Etfw\">@SSP_GobOax<\/a> y <a href=\"https:\/\/twitter.com\/SprsGobOax?ref_src=twsrc%5Etfw\">@SprsGobOax<\/a> supervisaron el operativo, con respeto a los derechos humanos de los internos. <a href=\"https:\/\/t.co\/n3amRT841v\">pic.twitter.com\/n3amRT841v<\/a><\/p>&mdash; Zona Roja Oaxaca (@MexRoja) <a href=\"https:\/\/twitter.com\/MexRoja\/status\/1258809955999600641?ref_src=twsrc%5Etfw\">8 de mayo de 2020<\/a><\/blockquote><\/div>\n<\/div><\/figure>\n\n\n\n<p>Acompa\u00f1ado\ndel subsecretario de Reinserci\u00f3n Social de la SSPO, Jacobo Rodr\u00edguez, Salcedo\nRosales expuso que continuamente se realiza la limpieza de las \u00e1reas de la Secretar\u00eda\ny se otorga cubrebocas tanto a personal administrativo como de seguridad y a los\ninternos; en los propios penales, de Ixcotel y de Tanivet, hombres y mujeres\nhan colaborado para la elaboraci\u00f3n de estos insumos.<\/p>\n\n\n\n<p>De la\nmisma manera, se han tomado diversas medidas, como la reducci\u00f3n de los d\u00edas de\nvisita para los familiares de los internos, as\u00ed como horarios y medidas m\u00e1s\nrestrictivas, con el prop\u00f3sito de salvaguardar la salud de la poblaci\u00f3n\npenitenciaria.<\/p>\n","protected":false},"excerpt":{"rendered":"<p>Ismael Garc\u00eda M.\/Zona Roja. San Francisco Tanivet, Tlacolula, Oax., 8 de mayo de 2020.- La&hellip;<\/p>\n","protected":false},"author":2,"featured_media":12134,"comment_status":"closed","ping_status":"open","sticky":false,"template":"","format":"standard","meta":{"_lmt_disableupdate":"","_lmt_disable":"","_jetpack_memberships_contains_paid_content":false,"footnotes":""},"categories":[109,46],"tags":[231],"class_list":["post-12133","post","type-post","status-publish","format-standard","has-post-thumbnail","hentry","category-minuto-a-minuto","category-zona-blanca","tag-raul-ernesto-salcedo-rosales"],"jetpack_featured_media_url":"https:\/\/zonaroja.com.mx\/wp-content\/uploads\/2020\/05\/IMG_9095.png","jetpack_sharing_enabled":true,"_links":{"self":[{"href":"https:\/\/zonaroja.com.mx\/index.php?rest_route=\/wp\/v2\/posts\/12133","targetHints":{"allow":["GET"]}}],"collection":[{"href":"https:\/\/zonaroja.com.mx\/index.php?rest_route=\/wp\/v2\/posts"}],"about":[{"href":"https:\/\/zonaroja.com.mx\/index.php?rest_route=\/wp\/v2\/types\/post"}],"author":[{"embeddable":true,"href":"https:\/\/zonaroja.com.mx\/index.php?rest_route=\/wp\/v2\/users\/2"}],"replies":[{"embeddable":true,"href":"https:\/\/zonaroja.com.mx\/index.php?rest_route=%2Fwp%2Fv2%2Fcomments&post=12133"}],"version-history":[{"count":1,"href":"https:\/\/zonaroja.com.mx\/index.php?rest_route=\/wp\/v2\/posts\/12133\/revisions"}],"predecessor-version":[{"id":12135,"href":"https:\/\/zonaroja.com.mx\/index.php?rest_route=\/wp\/v2\/posts\/12133\/revisions\/12135"}],"wp:featuredmedia":[{"embeddable":true,"href":"https:\/\/zonaroja.com.mx\/index.php?rest_route=\/wp\/v2\/media\/12134"}],"wp:attachment":[{"href":"https:\/\/zonaroja.com.mx\/index.php?rest_route=%2Fwp%2Fv2%2Fmedia&parent=12133"}],"wp:term":[{"taxonomy":"category","embeddable":true,"href":"https:\/\/zonaroja.com.mx\/index.php?rest_route=%2Fwp%2Fv2%2Fcategories&post=12133"},{"taxonomy":"post_tag","embeddable":true,"href":"https:\/\/zonaroja.com.mx\/index.php?rest_route=%2Fwp%2Fv2%2Ftags&post=12133"}],"curies":[{"name":"wp","href":"https:\/\/api.w.org\/{rel}","templated":true}]}}