{"id":12137,"date":"2020-05-08T22:06:36","date_gmt":"2020-05-09T03:06:36","guid":{"rendered":"http:\/\/www.zonaroja.com.mx\/?p=12137"},"modified":"2020-05-08T22:06:39","modified_gmt":"2020-05-09T03:06:39","slug":"fallece-un-medico-en-la-mixteca-de-oaxaca-por-covid-19","status":"publish","type":"post","link":"https:\/\/zonaroja.com.mx\/?p=12137","title":{"rendered":"Fallece un m\u00e9dico en la Mixteca de Oaxaca por Covid-19"},"content":{"rendered":"\n<p>Redacci\u00f3n\/Zona\nRoja.<\/p>\n\n\n\n<p>Oaxaca de\nJu\u00e1rez, Oax. 8 de mayo de 2020.- Un m\u00e9dico de Tamazul\u00e1pam del Progreso, regi\u00f3n\nMixteca de Oaxaca, falleci\u00f3 esta tarde a causa del coronavirus Covid-19.<\/p>\n\n\n\n<p>A trav\u00e9s\nde las redes sociales, se dio a conocer el deceso del doctor \u00d3scar Gabriel\nS\u00e1nchez Mart\u00ednez, quien se desempe\u00f1aba en el sector privado.<\/p>\n\n\n\n<p>Sin\nprecisar mayores detalles, el titular de los Servicios de Salud de Oaxaca, dio\na conocer tambi\u00e9n el deceso. \u201cSu legado perdurar\u00e1, con enorme gratitud Oaxaca\nlo despide\u201d, escribi\u00f3.<\/p>\n\n\n\n<p>Por otra\nparte, de acuerdo con el comunicado t\u00e9cnico diario, al corte de las 13:00 horas\nde este viernes 8 de mayo se sumaron cinco casos nuevos y cuatro defunciones\nm\u00e1s por Covid-19, con lo que hasta el momento van 38 decesos en todo el estado\na consecuencia del nuevo coronavirus.<\/p>\n\n\n\n<p>Asimismo,\nse tienen contabilizados 217 casos positivos en la entidad, inform\u00f3 la\ndependencia Servicios de Salud de Oaxaca, a trav\u00e9s de un bolet\u00edn de prensa.<\/p>\n\n\n\n<p>Los\ncuatro fallecimientos fueron: un masculino de 27 a\u00f1os de edad con enfermedad\ncardiaca y obesidad, y dos mujeres de 64 y 85 a\u00f1os, respectivamente, con\nhipertensi\u00f3n arterial; y otra m\u00e1s de 55 a\u00f1os, con hipertensi\u00f3n arterial e\ninsuficiencia renal.<\/p>\n\n\n\n<p>A\u00f1adi\u00f3\nque se han notificado mil 012 casos, de los cuales 672 son negativos 123 son\nsospechosos en espera de resultados de laboratorio y se han recuperado 126\npersonas. Los casos activos actualmente son 53.<\/p>\n\n\n\n<p>El\ntitular de los SSO, Casas Escamilla, puntualiz\u00f3 que de las 38 defunciones, 16\ncorresponden en la Jurisdicci\u00f3n Sanitaria n\u00famero uno Valles Centrales, ocho en\nTuxtepec, seis en la Mixteca, cinco en el Istmo, y tres en la Costa.<\/p>\n\n\n\n<p>Dijo que\nde los 217 casos confirmados, 126 son hombres y 91 mujeres; por instituci\u00f3n\nm\u00e9dica se han atendido 123 en los Servicios de Salud de Oaxaca, 47 en el\nInstituto Mexicano del Seguro Social (IMSS), 22 en el Instituto de Seguridad y\nServicios Sociales de los Trabajadores del Estado (ISSSTE).<\/p>\n","protected":false},"excerpt":{"rendered":"<p>Redacci\u00f3n\/Zona Roja. Oaxaca de Ju\u00e1rez, Oax. 8 de mayo de 2020.- Un m\u00e9dico de Tamazul\u00e1pam&hellip;<\/p>\n","protected":false},"author":2,"featured_media":12138,"comment_status":"closed","ping_status":"open","sticky":false,"template":"","format":"standard","meta":{"_lmt_disableupdate":"","_lmt_disable":"","_jetpack_memberships_contains_paid_content":false,"footnotes":""},"categories":[109,47],"tags":[1512],"class_list":["post-12137","post","type-post","status-publish","format-standard","has-post-thumbnail","hentry","category-minuto-a-minuto","category-zona-gris","tag-coronavirus-oaxaca"],"jetpack_featured_media_url":"https:\/\/zonaroja.com.mx\/wp-content\/uploads\/2020\/05\/96524f9c-a30c-4401-bbe0-928b69ec8d45.jpg","jetpack_sharing_enabled":true,"_links":{"self":[{"href":"https:\/\/zonaroja.com.mx\/index.php?rest_route=\/wp\/v2\/posts\/12137","targetHints":{"allow":["GET"]}}],"collection":[{"href":"https:\/\/zonaroja.com.mx\/index.php?rest_route=\/wp\/v2\/posts"}],"about":[{"href":"https:\/\/zonaroja.com.mx\/index.php?rest_route=\/wp\/v2\/types\/post"}],"author":[{"embeddable":true,"href":"https:\/\/zonaroja.com.mx\/index.php?rest_route=\/wp\/v2\/users\/2"}],"replies":[{"embeddable":true,"href":"https:\/\/zonaroja.com.mx\/index.php?rest_route=%2Fwp%2Fv2%2Fcomments&post=12137"}],"version-history":[{"count":1,"href":"https:\/\/zonaroja.com.mx\/index.php?rest_route=\/wp\/v2\/posts\/12137\/revisions"}],"predecessor-version":[{"id":12139,"href":"https:\/\/zonaroja.com.mx\/index.php?rest_route=\/wp\/v2\/posts\/12137\/revisions\/12139"}],"wp:featuredmedia":[{"embeddable":true,"href":"https:\/\/zonaroja.com.mx\/index.php?rest_route=\/wp\/v2\/media\/12138"}],"wp:attachment":[{"href":"https:\/\/zonaroja.com.mx\/index.php?rest_route=%2Fwp%2Fv2%2Fmedia&parent=12137"}],"wp:term":[{"taxonomy":"category","embeddable":true,"href":"https:\/\/zonaroja.com.mx\/index.php?rest_route=%2Fwp%2Fv2%2Fcategories&post=12137"},{"taxonomy":"post_tag","embeddable":true,"href":"https:\/\/zonaroja.com.mx\/index.php?rest_route=%2Fwp%2Fv2%2Ftags&post=12137"}],"curies":[{"name":"wp","href":"https:\/\/api.w.org\/{rel}","templated":true}]}}