{"id":12140,"date":"2020-05-09T07:57:53","date_gmt":"2020-05-09T12:57:53","guid":{"rendered":"http:\/\/www.zonaroja.com.mx\/?p=12140"},"modified":"2020-05-09T07:57:56","modified_gmt":"2020-05-09T12:57:56","slug":"reportan-muerte-de-45-indigenas-por-covid-19-en-mexico","status":"publish","type":"post","link":"https:\/\/zonaroja.com.mx\/?p=12140","title":{"rendered":"Reportan muerte de 45 ind\u00edgenas por Covid-19 en M\u00e9xico"},"content":{"rendered":"\n<p>Redacci\u00f3n\/Zona\nRoja Cdmx.<\/p>\n\n\n\n<p>Ciudad de\nM\u00e9xico, 9 de mayo de 2020.- En el supuesto d\u00eda de mayor contagio, la Secretar\u00eda\nde Salud federal inform\u00f3 que el n\u00famero de personas muertas por Covid-19 en\nM\u00e9xico ascendi\u00f3 ayer a tres mil 160.<\/p>\n\n\n\n<p>Adem\u00e1s, detall\u00f3\nque en el pa\u00eds suma 31 mil 522 casos positivos por la nueva cepa de\ncoronavirus.<\/p>\n\n\n\n<p>Por otra\nparte, al menos 220 ind\u00edgenas se hab\u00edan contagiado y 45 hab\u00edan muerto hasta el\nmi\u00e9rcoles por Covid-19 en todo el pa\u00eds, inform\u00f3 Adelfo Regino Montes, director\ndel Instituto Nacional de los Pueblos Ind\u00edgenas (INPI).<\/p>\n\n\n\n<p>Entrevistado\ntras salir de una reuni\u00f3n en Palacio Nacional, el funcionario detall\u00f3 que\nQuintana Roo es el que m\u00e1s contagios de habitantes de pueblos ind\u00edgenas\npresentaba con 47 casos positivos y 14 muertes.<\/p>\n\n\n\n<p>De\nacuerdo con el titular del INPI, Tabasco es el segundo estado con mayor\nletalidad a consecuencia del coronavirus con tres muertes y 11 casos positivos,\nseg\u00fan difundi\u00f3 ayer la agencia Notimex.<\/p>\n\n\n\n<p>Durante\nla ma\u00f1ana el presidente Andr\u00e9s Manuel L\u00f3pez Obrador inform\u00f3 que Oaxaca y\nGuerrero se suman a la lista de entidades con un repunte en contagios. Regino\nMontes refiri\u00f3 que, hasta el momento, las zonas afectadas en Oaxaca son las\ncercanas a los grandes centros urbanos, como la capital y Huajuapan de Le\u00f3n.<\/p>\n\n\n\n<p>Sin\nembargo, adelant\u00f3 que el INPI prepara una estrategia especial de informaci\u00f3n\npara atender a los grupos ind\u00edgenas.<\/p>\n\n\n\n<p>SIGUE\nALERTA<\/p>\n\n\n\n<p>Despu\u00e9s\nde se\u00f1alar que las cr\u00edticas de ex secretarios de Salud sobre la estrategia de combate\nal Covid-19 tienen tintes pol\u00edticos, el presidente Andr\u00e9s Manuel L\u00f3pez Obrador\nse\u00f1al\u00f3 que la fase de mayor contagio en la Ciudad de M\u00e9xico puede durar hasta\nel 20 de mayo.<\/p>\n\n\n\n<p>Garantiz\u00f3\nque se cuidan todos los aspectos para que el retorno a la normalidad en el pa\u00eds\nse d\u00e9 por etapas y no sea en estampida para que no se vuelva a reactivar la\npandemia.<\/p>\n\n\n\n<p>En su\nconferencia de prensa, se\u00f1al\u00f3 que la proyecci\u00f3n para la Ciudad de M\u00e9xico es que\nel n\u00famero de contagios empiece a bajar despu\u00e9s del d\u00eda 20, \u201cpero es muy\nimportante que continuemos con la disciplina siguiendo al pie de la letra las\nrecomendaciones de sana distancia y quedarse en casa; ya falta poco, ya se ve\nla luz al final del t\u00fanel\u201d.<\/p>\n\n\n\n<p>Afirm\u00f3\nque ser\u00e1 hasta el mi\u00e9rcoles o jueves de la semana pr\u00f3xima cuando d\u00e9 a conocer\nel plan de reactivaci\u00f3n en los distintos \u00e1mbitos. <\/p>\n\n\n\n<p>Para su\nelaboraci\u00f3n se consulta a funcionarios del gobierno de Estados Unidos, de\nCanad\u00e1, empresarios, maestros, especialistas, autoridades laborales, entre\notros, a fin de que el regreso se d\u00e9 apegado a protocolos de salud.<\/p>\n","protected":false},"excerpt":{"rendered":"<p>Redacci\u00f3n\/Zona Roja Cdmx. Ciudad de M\u00e9xico, 9 de mayo de 2020.- En el supuesto d\u00eda&hellip;<\/p>\n","protected":false},"author":2,"featured_media":12141,"comment_status":"closed","ping_status":"open","sticky":false,"template":"","format":"standard","meta":{"_lmt_disableupdate":"","_lmt_disable":"","_jetpack_memberships_contains_paid_content":false,"footnotes":""},"categories":[109,47],"tags":[1328],"class_list":["post-12140","post","type-post","status-publish","format-standard","has-post-thumbnail","hentry","category-minuto-a-minuto","category-zona-gris","tag-coronavirus-mexico"],"jetpack_featured_media_url":"https:\/\/zonaroja.com.mx\/wp-content\/uploads\/2020\/05\/Ind\u00edgenas-coronavirus-1.jpg","jetpack_sharing_enabled":true,"_links":{"self":[{"href":"https:\/\/zonaroja.com.mx\/index.php?rest_route=\/wp\/v2\/posts\/12140","targetHints":{"allow":["GET"]}}],"collection":[{"href":"https:\/\/zonaroja.com.mx\/index.php?rest_route=\/wp\/v2\/posts"}],"about":[{"href":"https:\/\/zonaroja.com.mx\/index.php?rest_route=\/wp\/v2\/types\/post"}],"author":[{"embeddable":true,"href":"https:\/\/zonaroja.com.mx\/index.php?rest_route=\/wp\/v2\/users\/2"}],"replies":[{"embeddable":true,"href":"https:\/\/zonaroja.com.mx\/index.php?rest_route=%2Fwp%2Fv2%2Fcomments&post=12140"}],"version-history":[{"count":1,"href":"https:\/\/zonaroja.com.mx\/index.php?rest_route=\/wp\/v2\/posts\/12140\/revisions"}],"predecessor-version":[{"id":12142,"href":"https:\/\/zonaroja.com.mx\/index.php?rest_route=\/wp\/v2\/posts\/12140\/revisions\/12142"}],"wp:featuredmedia":[{"embeddable":true,"href":"https:\/\/zonaroja.com.mx\/index.php?rest_route=\/wp\/v2\/media\/12141"}],"wp:attachment":[{"href":"https:\/\/zonaroja.com.mx\/index.php?rest_route=%2Fwp%2Fv2%2Fmedia&parent=12140"}],"wp:term":[{"taxonomy":"category","embeddable":true,"href":"https:\/\/zonaroja.com.mx\/index.php?rest_route=%2Fwp%2Fv2%2Fcategories&post=12140"},{"taxonomy":"post_tag","embeddable":true,"href":"https:\/\/zonaroja.com.mx\/index.php?rest_route=%2Fwp%2Fv2%2Ftags&post=12140"}],"curies":[{"name":"wp","href":"https:\/\/api.w.org\/{rel}","templated":true}]}}