{"id":12144,"date":"2020-05-09T08:06:41","date_gmt":"2020-05-09T13:06:41","guid":{"rendered":"http:\/\/www.zonaroja.com.mx\/?p=12144"},"modified":"2020-05-09T08:06:43","modified_gmt":"2020-05-09T13:06:43","slug":"va-morena-por-armonizacion-de-legislacion-en-materia-de-violencia-politica","status":"publish","type":"post","link":"https:\/\/zonaroja.com.mx\/?p=12144","title":{"rendered":"Va Morena por armonizaci\u00f3n de legislaci\u00f3n en materia de violencia pol\u00edtica"},"content":{"rendered":"\n<p>Redacci\u00f3n\/Zona\nRoja.<\/p>\n\n\n\n<p>Oaxaca de\nJu\u00e1rez, Oax., 9 de mayo de 2020.- Para fortalecer los marcos normativos en\nOaxaca, que garanticen una actuaci\u00f3n pertinente y determinante por parte de las\ninstituciones ante casos de violencia pol\u00edtica de las mujeres en el pr\u00f3ximo\nproceso electoral, es necesario armonizar las legislaciones que se establecen\nen esta iniciativa, expuso el grupo parlamentario del Partido Morena en el\nCongreso local.<\/p>\n\n\n\n<p>En este\ncontexto, la diputada Elisa Zepeda Lagunas, quien tambi\u00e9n preside la Comisi\u00f3n Permanente\nde Justicia en la 64 Legislatura, dio a conocer que la iniciativa busca el\nderecho a que se respete la integridad f\u00edsica, ps\u00edquica y moral de las mujeres.<\/p>\n\n\n\n<p>Asimismo,\nel derecho a que se respete la dignidad inherente a su persona y que se proteja\na su familia, as\u00ed como el derecho a igualdad de protecci\u00f3n ante la ley.<\/p>\n\n\n\n<p>Por ejemplo,\nen cuanto a las medidas cautelares y de reparaci\u00f3n, podr\u00e1n ser ordenadas por\ninfracciones que constituyan violencia pol\u00edtica contra las mujeres en raz\u00f3n de\ng\u00e9nero, son las siguientes: <\/p>\n\n\n\n<p>Realizar\nan\u00e1lisis de riesgos y un plan de seguridad con la colaboraci\u00f3n con\ninstituciones especializadas; ordenar o solicitar el retiro inmediato de la\ncampa\u00f1a violenta contra la v\u00edctima, haciendo p\u00fablicas las razones; cuando la\nconducta sea reiterada por lo menos en una ocasi\u00f3n, suspender los recursos\nasignados o gastos de campa\u00f1a a la persona agresora.<\/p>\n\n\n\n<p>Tambi\u00e9n,\nordenar la suspensi\u00f3n o separaci\u00f3n temporal del cargo, de la persona agresora,\ny cualquier otra requerida para la protecci\u00f3n de la mujer v\u00edctima, o quien ella\nsolicite y la autoridad considere necesario.<\/p>\n\n\n\n<p>En la\nresoluci\u00f3n de los procedimientos sancionadores, plante\u00f3 que se considerar\u00e1 la\nindemnizaci\u00f3n de la v\u00edctima; la restituci\u00f3n inmediata en el cargo al que fue\nobligada a renunciar por motivos de violencia; una disculpa p\u00fablica, la cual\ndebe considerar el mismo medio en que fue cometida la falta y medidas de no\nrepetici\u00f3n.<\/p>\n\n\n\n<p>La\nlegisladora tambi\u00e9n enfatiz\u00f3 sobre el derecho a un recurso sencillo y r\u00e1pido\nante los tribunales competentes, que la ampare contra actos que violen sus\nderechos, el derecho a tener igualdad de acceso a las funciones p\u00fablicas de su\npa\u00eds y a participar en los asuntos p\u00fablicos, incluyendo la toma de decisiones.\nEstos derechos son los que se busca garantizar mediante la presente iniciativa.<\/p>\n\n\n\n<p>En cuanto\na la Ley del Sistema de Medios de Impugnaci\u00f3n en Materia Electoral y de\nParticipaci\u00f3n Ciudadana para el Estado de Oaxaca, se propone que el juicio\npodr\u00e1 ser promovido por la ciudadana o el ciudadano cuando se considere que los\nactos o resoluciones del partido pol\u00edtico al que est\u00e1 afiliado violan alguno de\nsus derechos pol\u00edtico-electorales.<\/p>\n\n\n\n<p>URGE\nARMONIZAR<\/p>\n\n\n\n<p>Por su\nparte, el coordinador del grupo parlamentario de Morena, el diputado Horacio\nSosa, dej\u00f3 claro que es necesario adoptar, por todos los medios apropiados y\nsin dilaciones, pol\u00edticas orientadas a prevenir, sancionar y erradicar dicha\nviolencia\u201d y en llevar a cabo lo siguiente: \u201cabstenerse de cualquier acci\u00f3n o\npr\u00e1ctica de violencia contra la mujer y velar por que las autoridades, sus\nfuncionarios, personal y agentes e instituciones se comporten de conformidad\ncon esta obligaci\u00f3n.<\/p>\n\n\n\n<p>El\ntambi\u00e9n presidente de la Junta de Coordinaci\u00f3n Pol\u00edtica del Congreso local,\nse\u00f1al\u00f3 que es urgente modificar pr\u00e1cticas jur\u00eddicas o consuetudinarias que\nrespalden la persistencia o la tolerancia de la violencia contra la mujer;\ny&nbsp; adoptar las disposiciones legislativas\no de otra \u00edndole que sean necesarias.<\/p>\n\n\n\n<p>La\npropuesta de la iniciativa surgi\u00f3 ya que el pasado 13 de abril, se public\u00f3 en\nel Diario Oficial de la Federaci\u00f3n, el decreto por el que se reforman y\nadicionan diversas disposiciones de la Ley General de Acceso de las Mujeres a\nuna Vida Libre de Violencia, la Ley General de Instituciones y Procedimientos\nElectorales, la Ley General de Sistema de Medios de Impugnaci\u00f3n en Materia\nelectoral, la Ley General de Partidos Pol\u00edticos, entre otras instancias, en\nmateria de violencia pol\u00edtica contra las mujeres en raz\u00f3n de g\u00e9nero.<\/p>\n","protected":false},"excerpt":{"rendered":"<p>Redacci\u00f3n\/Zona Roja. Oaxaca de Ju\u00e1rez, Oax., 9 de mayo de 2020.- Para fortalecer los marcos&hellip;<\/p>\n","protected":false},"author":2,"featured_media":9344,"comment_status":"closed","ping_status":"open","sticky":false,"template":"","format":"standard","meta":{"_lmt_disableupdate":"","_lmt_disable":"","_jetpack_memberships_contains_paid_content":false,"footnotes":""},"categories":[109,46],"tags":[444],"class_list":["post-12144","post","type-post","status-publish","format-standard","has-post-thumbnail","hentry","category-minuto-a-minuto","category-zona-blanca","tag-horacio-sosa-villavicencio"],"jetpack_featured_media_url":"https:\/\/zonaroja.com.mx\/wp-content\/uploads\/2020\/02\/Diputado-Horacio-Sosa-y-diputada-Elisa-Zepeda.jpg","jetpack_sharing_enabled":true,"_links":{"self":[{"href":"https:\/\/zonaroja.com.mx\/index.php?rest_route=\/wp\/v2\/posts\/12144","targetHints":{"allow":["GET"]}}],"collection":[{"href":"https:\/\/zonaroja.com.mx\/index.php?rest_route=\/wp\/v2\/posts"}],"about":[{"href":"https:\/\/zonaroja.com.mx\/index.php?rest_route=\/wp\/v2\/types\/post"}],"author":[{"embeddable":true,"href":"https:\/\/zonaroja.com.mx\/index.php?rest_route=\/wp\/v2\/users\/2"}],"replies":[{"embeddable":true,"href":"https:\/\/zonaroja.com.mx\/index.php?rest_route=%2Fwp%2Fv2%2Fcomments&post=12144"}],"version-history":[{"count":1,"href":"https:\/\/zonaroja.com.mx\/index.php?rest_route=\/wp\/v2\/posts\/12144\/revisions"}],"predecessor-version":[{"id":12145,"href":"https:\/\/zonaroja.com.mx\/index.php?rest_route=\/wp\/v2\/posts\/12144\/revisions\/12145"}],"wp:featuredmedia":[{"embeddable":true,"href":"https:\/\/zonaroja.com.mx\/index.php?rest_route=\/wp\/v2\/media\/9344"}],"wp:attachment":[{"href":"https:\/\/zonaroja.com.mx\/index.php?rest_route=%2Fwp%2Fv2%2Fmedia&parent=12144"}],"wp:term":[{"taxonomy":"category","embeddable":true,"href":"https:\/\/zonaroja.com.mx\/index.php?rest_route=%2Fwp%2Fv2%2Fcategories&post=12144"},{"taxonomy":"post_tag","embeddable":true,"href":"https:\/\/zonaroja.com.mx\/index.php?rest_route=%2Fwp%2Fv2%2Ftags&post=12144"}],"curies":[{"name":"wp","href":"https:\/\/api.w.org\/{rel}","templated":true}]}}