{"id":12146,"date":"2020-05-09T08:33:38","date_gmt":"2020-05-09T13:33:38","guid":{"rendered":"http:\/\/www.zonaroja.com.mx\/?p=12146"},"modified":"2020-05-09T08:42:13","modified_gmt":"2020-05-09T13:42:13","slug":"cumplen-12-horas-de-retencion-siete-personas-en-mitlatongo","status":"publish","type":"post","link":"https:\/\/zonaroja.com.mx\/?p=12146","title":{"rendered":"Cumplen 12 horas de retenci\u00f3n nueve personas en Mitlatongo"},"content":{"rendered":"\n<p>Ismael\nGarc\u00eda M.<\/p>\n\n\n\n<p>Oaxaca de Ju\u00e1rez, Oax., 9 de mayo de 2020.- Nueve personas de Santa Cruz Mitlatongo, entre ellas un adolescente, una autoridad y una mujer, cumplieron 12 horas de retenci\u00f3n en Santiago Mitlatongo, sin que el gobierno estatal o el federal atiendan la problem\u00e1tica, inform\u00f3 la organizaci\u00f3n Unidad, Identidad y Ra\u00edces de Oaxaca (Unir).<\/p>\n\n\n\n<p>A la lista dada a conocer ayer por la noche, se sum\u00f3 la de un jovencito de 17 a\u00f1os de edad, de nombre Miguel \u00c1ngel C., y de dos personas m\u00e1s hasta ahora no identificadas.<\/p>\n\n\n\n<p>El resto\nde los pobladores de Santa Cruz privados de su libertad son Bertino Gonz\u00e1lez\nCastro Gayt\u00e1n, de 49 a\u00f1os, agente municipal; Librado Castro, de 34 a\u00f1os.<\/p>\n\n\n\n<p>Cornelio\nAntonio L\u00f3pez, de 49 a\u00f1os, suplente del agente; Jaime Santiago, de 55 a\u00f1os de\nedad; Aracely P\u00e9rez, de 22 a\u00f1os y Fernando Castro, quienes fueron retenidos\ndesde ayer alrededor de las 17:00 horas.<\/p>\n\n\n\n<p>Ambos pueblos enfrentan un a\u00f1ejo conflicto agrario, por l\u00edmites de tierra, que tuvo una pausa tras el hundimiento de tierra que ocurri\u00f3 a inicios de septiembre de 2011 justo en los terrenos en disputa, y que llev\u00f3 a la reubicaci\u00f3n de ambos pueblos. La disputa es por mil 90 hect\u00e1reas, pero la resoluci\u00f3n est\u00e1 a favor de Santa Cruz.<\/p>\n\n\n\n<p>\u201cUrgimos a todas las instancias de gobierno a efecto de que convoquen de manera inmediata al di\u00e1logo entre los pueblos, para que sea este el medio para dar cauce al conflicto\u201d, expres\u00f3 en un comunicado la organizaci\u00f3n Unir.<\/p>\n\n\n\n<p>Ser\u00eda hasta esta ma\u00f1ana en que se trasladar\u00edan elementos de la Guardia Nacional y la Polic\u00eda Estatal para conocer la situaci\u00f3n. <\/p>\n","protected":false},"excerpt":{"rendered":"<p>Ismael Garc\u00eda M. Oaxaca de Ju\u00e1rez, Oax., 9 de mayo de 2020.- Nueve personas de&hellip;<\/p>\n","protected":false},"author":2,"featured_media":12148,"comment_status":"closed","ping_status":"open","sticky":false,"template":"","format":"standard","meta":{"_lmt_disableupdate":"","_lmt_disable":"","_jetpack_memberships_contains_paid_content":false,"footnotes":""},"categories":[109,47],"tags":[1667,1666],"class_list":["post-12146","post","type-post","status-publish","format-standard","has-post-thumbnail","hentry","category-minuto-a-minuto","category-zona-gris","tag-santa-cruz-mitlatongo","tag-santiago-mitlatongo"],"jetpack_featured_media_url":"https:\/\/zonaroja.com.mx\/wp-content\/uploads\/2020\/05\/Santiago-Mitlatongo.jpg","jetpack_sharing_enabled":true,"_links":{"self":[{"href":"https:\/\/zonaroja.com.mx\/index.php?rest_route=\/wp\/v2\/posts\/12146","targetHints":{"allow":["GET"]}}],"collection":[{"href":"https:\/\/zonaroja.com.mx\/index.php?rest_route=\/wp\/v2\/posts"}],"about":[{"href":"https:\/\/zonaroja.com.mx\/index.php?rest_route=\/wp\/v2\/types\/post"}],"author":[{"embeddable":true,"href":"https:\/\/zonaroja.com.mx\/index.php?rest_route=\/wp\/v2\/users\/2"}],"replies":[{"embeddable":true,"href":"https:\/\/zonaroja.com.mx\/index.php?rest_route=%2Fwp%2Fv2%2Fcomments&post=12146"}],"version-history":[{"count":4,"href":"https:\/\/zonaroja.com.mx\/index.php?rest_route=\/wp\/v2\/posts\/12146\/revisions"}],"predecessor-version":[{"id":12152,"href":"https:\/\/zonaroja.com.mx\/index.php?rest_route=\/wp\/v2\/posts\/12146\/revisions\/12152"}],"wp:featuredmedia":[{"embeddable":true,"href":"https:\/\/zonaroja.com.mx\/index.php?rest_route=\/wp\/v2\/media\/12148"}],"wp:attachment":[{"href":"https:\/\/zonaroja.com.mx\/index.php?rest_route=%2Fwp%2Fv2%2Fmedia&parent=12146"}],"wp:term":[{"taxonomy":"category","embeddable":true,"href":"https:\/\/zonaroja.com.mx\/index.php?rest_route=%2Fwp%2Fv2%2Fcategories&post=12146"},{"taxonomy":"post_tag","embeddable":true,"href":"https:\/\/zonaroja.com.mx\/index.php?rest_route=%2Fwp%2Fv2%2Ftags&post=12146"}],"curies":[{"name":"wp","href":"https:\/\/api.w.org\/{rel}","templated":true}]}}