{"id":12153,"date":"2020-05-09T11:07:47","date_gmt":"2020-05-09T16:07:47","guid":{"rendered":"http:\/\/www.zonaroja.com.mx\/?p=12153"},"modified":"2020-05-09T11:07:49","modified_gmt":"2020-05-09T16:07:49","slug":"periodistas-de-oaxaca-tambien-victimas-de-violencia-en-contingencia-sanitaria","status":"publish","type":"post","link":"https:\/\/zonaroja.com.mx\/?p=12153","title":{"rendered":"Periodistas de Oaxaca, tambi\u00e9n v\u00edctimas de violencia en contingencia sanitaria"},"content":{"rendered":"\n<p>Redacci\u00f3n\/Zona\nRoja.<\/p>\n\n\n\n<p>Oaxaca de\nJu\u00e1rez, Oax., 9 de mayo de 2020.- De enero a mayo de este a\u00f1o 2020, la\nDefensor\u00eda de los Derechos Humanos del Pueblo de Oaxaca (DDHPO) ha iniciado\nsiete investigaciones por agresiones en contra de periodistas, siendo las m\u00e1s\nrecurrentes las de tipo f\u00edsica, detenciones arbitrarias, bloqueo informativo,\nhostigamiento, amenazas de muerte, as\u00ed como el robo de equipo de trabajo.<\/p>\n\n\n\n<p>En un\ncomunicado, el organismo indic\u00f3 que las y los periodistas se enfrentan a\nm\u00faltiples riesgos ante la contingencia sanitaria por Covid-19, que van desde la\nsobreexposici\u00f3n en su salud, hasta agresiones y detenciones en el marco de las\nmedidas restrictivas.<\/p>\n\n\n\n<p>Y es que los\ncomunicadores se trasladan de un sitio a otro por su actividad profesional,\nadem\u00e1s de dar cobertura informativa a distintas manifestaciones de protesta que\nnecesariamente implican la concentraci\u00f3n de personas.<\/p>\n\n\n\n<p>Expuso\nque para la DDHPO es fundamental valorar las labores del personal m\u00e9dico que\nest\u00e1 en al frente de los esfuerzos para contener la pandemia, pero tambi\u00e9n es\nprimordial reconocer la actividad de las y los periodistas en este momento,\npues la informaci\u00f3n juega un papel clave para combatirla.<\/p>\n\n\n\n<p>Por ello,\nhizo un llamado a las autoridades de los diferentes niveles de gobierno a\ngarantizar la seguridad de las personas periodistas y reconocer la importancia\nsocial de su ejercicio y su relevancia en contextos complejos y emergentes como\nel que ahora vivimos,&nbsp; \u201cpues es gracias\nal flujo de informaci\u00f3n fidedigna, \u00fatil, objetiva y oportuna como las\nsociedades pueden tomar las mejores decisiones para la protecci\u00f3n de sus\nderechos\u201d.<\/p>\n\n\n\n<p>La gran\ncantidad de mitos, rumores, informaci\u00f3n falsa o err\u00f3nea que han surgido con la\npandemia y que ponen en riesgo la integridad f\u00edsica y emocional de las\npersonas, s\u00f3lo pueden combatirse garantizando la labor libre, segura y eficaz\ndel ejercicio period\u00edstico, se\u00f1ala la Defensor\u00eda.<\/p>\n\n\n\n<p>A\u00f1adi\u00f3\nque aun cuando hasta el momento no se han registrado casos del padecimiento en\neste sector en la entidad, la DDHPO ha tenido conocimiento de agresiones contra\nreporteros en retenes, as\u00ed como por parte de particulares, derivadas de\nrestricciones en la movilidad y comercio.<\/p>\n\n\n\n<p>Adem\u00e1s de\nlo antes expuesto, este sector enfrenta condiciones desfavorables en cuanto a seguridad\nsocial, falta de equipo de protecci\u00f3n, seguro m\u00e9dico y\/o de vida, entre otras\nprestaciones que deber\u00edan de tener garantizadas al ejercer una profesi\u00f3n de\nalto riesgo.<\/p>\n\n\n\n<p>Ante\nello, el \u00f3rgano aut\u00f3nomo resalta la necesidad de establecer mecanismos de protecci\u00f3n\npara las y los comunicadores que les permitan obtener una seguridad en materia\nde salud, as\u00ed como en su actividad.<\/p>\n\n\n\n<p>Por otro\nlado, inform\u00f3 que de 2015 a 2019, la DDHPO realiz\u00f3 253 investigaciones\nderivadas de quejas y\/o cuadernos de antecedentes relacionados con violaciones\na los derechos de periodistas.<\/p>\n\n\n\n<p>En 2015,\nel organismo defensor de los Derechos Humanos recibi\u00f3 12 expedientes de queja e\ninici\u00f3 31 Cuadernos de Antecedentes (CA), para 2016 se registraron 38 quejas y\n49 CA; en 2017, 27 quejas y 36 CA; en 2018, 11 quejas y 27 CA; mientras que en\n2019 siete expedientes de queja y 15 CA.<\/p>\n\n\n\n<p>El \u00f3rgano\naut\u00f3nomo resalta que frente a la crisis sanitaria y econ\u00f3mica derivada de\nCovid-19, es preocupante que las y los comunicadores sigan enfrentando\nhostigamientos y agresiones&nbsp; en el\nejercicio de la libertad de expresi\u00f3n.<\/p>\n\n\n\n<p>INVESTIGA\nPRESUNTO SUICIDIO<\/p>\n\n\n\n<p>Por otro\nlado, la DDHPO inform\u00f3 que investiga la muerte de un joven al interior del\ncentro de detenci\u00f3n de la Polic\u00eda Municipal del municipio de El Espinal,\nOaxaca, ocurrida el pasado domingo 3 de mayo.<\/p>\n\n\n\n<p>De\nacuerdo a familiares, el hombre de 30 a\u00f1os fue llevado a los separos\npreventivos de dicha localidad del Istmo de Tehuantepec&nbsp; y horas m\u00e1s tarde les fue notificado que se\nhab\u00eda suicidado.<\/p>\n\n\n\n<p>Ante\nello, el \u00f3rgano aut\u00f3nomo inici\u00f3 el expediente DDHPO\/0017\/\/RIJ\/(10)\/OAX\/2020, a\ntrav\u00e9s del cual requiri\u00f3 un informe a la autoridad municipal de El Espinal,\npara que d\u00e9 a conocer las circunstancias en las que se registr\u00f3 el deceso.<\/p>\n\n\n\n<p>As\u00ed\ntambi\u00e9n, la Defensor\u00eda solicit\u00f3 a la Fiscal\u00eda General de Justicia del Estado\nbrinde informaci\u00f3n sobre el n\u00famero de carpeta de investigaci\u00f3n iniciada al\nrespecto y el estado que guarda la misma, aunado a los resultados de la\nnecropsia de ley.<\/p>\n","protected":false},"excerpt":{"rendered":"<p>Redacci\u00f3n\/Zona Roja. Oaxaca de Ju\u00e1rez, Oax., 9 de mayo de 2020.- De enero a mayo&hellip;<\/p>\n","protected":false},"author":2,"featured_media":8442,"comment_status":"closed","ping_status":"open","sticky":false,"template":"","format":"standard","meta":{"_lmt_disableupdate":"","_lmt_disable":"","_jetpack_memberships_contains_paid_content":false,"footnotes":""},"categories":[109,47],"tags":[286],"class_list":["post-12153","post","type-post","status-publish","format-standard","has-post-thumbnail","hentry","category-minuto-a-minuto","category-zona-gris","tag-defensoria-de-los-derechos-humanos-del-pueblo-de-oaxaca"],"jetpack_featured_media_url":"https:\/\/zonaroja.com.mx\/wp-content\/uploads\/2020\/02\/DDHPO-1.png","jetpack_sharing_enabled":true,"_links":{"self":[{"href":"https:\/\/zonaroja.com.mx\/index.php?rest_route=\/wp\/v2\/posts\/12153","targetHints":{"allow":["GET"]}}],"collection":[{"href":"https:\/\/zonaroja.com.mx\/index.php?rest_route=\/wp\/v2\/posts"}],"about":[{"href":"https:\/\/zonaroja.com.mx\/index.php?rest_route=\/wp\/v2\/types\/post"}],"author":[{"embeddable":true,"href":"https:\/\/zonaroja.com.mx\/index.php?rest_route=\/wp\/v2\/users\/2"}],"replies":[{"embeddable":true,"href":"https:\/\/zonaroja.com.mx\/index.php?rest_route=%2Fwp%2Fv2%2Fcomments&post=12153"}],"version-history":[{"count":1,"href":"https:\/\/zonaroja.com.mx\/index.php?rest_route=\/wp\/v2\/posts\/12153\/revisions"}],"predecessor-version":[{"id":12154,"href":"https:\/\/zonaroja.com.mx\/index.php?rest_route=\/wp\/v2\/posts\/12153\/revisions\/12154"}],"wp:featuredmedia":[{"embeddable":true,"href":"https:\/\/zonaroja.com.mx\/index.php?rest_route=\/wp\/v2\/media\/8442"}],"wp:attachment":[{"href":"https:\/\/zonaroja.com.mx\/index.php?rest_route=%2Fwp%2Fv2%2Fmedia&parent=12153"}],"wp:term":[{"taxonomy":"category","embeddable":true,"href":"https:\/\/zonaroja.com.mx\/index.php?rest_route=%2Fwp%2Fv2%2Fcategories&post=12153"},{"taxonomy":"post_tag","embeddable":true,"href":"https:\/\/zonaroja.com.mx\/index.php?rest_route=%2Fwp%2Fv2%2Ftags&post=12153"}],"curies":[{"name":"wp","href":"https:\/\/api.w.org\/{rel}","templated":true}]}}