{"id":12155,"date":"2020-05-09T12:11:54","date_gmt":"2020-05-09T17:11:54","guid":{"rendered":"http:\/\/www.zonaroja.com.mx\/?p=12155"},"modified":"2020-05-09T12:11:57","modified_gmt":"2020-05-09T17:11:57","slug":"asesinan-a-estudiante-defensor-ambiental-en-loxicha-oaxaca","status":"publish","type":"post","link":"https:\/\/zonaroja.com.mx\/?p=12155","title":{"rendered":"Asesinan a estudiante defensor ambiental en Loxicha, Oaxaca"},"content":{"rendered":"\n<p>Redacci\u00f3n\/Zona\nRoja.<\/p>\n\n\n\n<p>Oaxaca de\nJu\u00e1rez, Oax., 9 de mayo de 2020.- Sujetos desconocidos asesinaron a un bi\u00f3logo\ny defensor del medio ambiente en San Agust\u00edn Loxicha, municipio de la regi\u00f3n\nSierra Sur de Oaxaca.<\/p>\n\n\n\n<p>De\nacuerdo con los primeros datos difundidos a trav\u00e9s de las redes sociales, el\ncrimen en contra de Eugui Roy Mart\u00ednez P\u00e9rez se perpetr\u00f3 el pasado jueves por\nla ma\u00f1ana, en su domicilio ubicado en la comunidad de Tierra Blanca, Loxicha.<\/p>\n\n\n\n<p>La\nv\u00edctima, de 21 a\u00f1os de edad, era estudiante del Instituto Tecnol\u00f3gico del Valle\nde Oaxaca y se dedicaba al estudio de anfibios y reptiles.<\/p>\n\n\n\n<p>Hasta el\nmomento se desconocen mayores detalles del asesinato del joven, quien tras la par\u00e1lisis\nde actividades por la contingencia sanitaria, decidi\u00f3 trasladarse y\nresguardarse en su comunidad.<\/p>\n","protected":false},"excerpt":{"rendered":"<p>Redacci\u00f3n\/Zona Roja. Oaxaca de Ju\u00e1rez, Oax., 9 de mayo de 2020.- Sujetos desconocidos asesinaron a&hellip;<\/p>\n","protected":false},"author":2,"featured_media":12156,"comment_status":"closed","ping_status":"open","sticky":false,"template":"","format":"standard","meta":{"_lmt_disableupdate":"","_lmt_disable":"","_jetpack_memberships_contains_paid_content":false,"footnotes":""},"categories":[109,51],"tags":[1668],"class_list":["post-12155","post","type-post","status-publish","format-standard","has-post-thumbnail","hentry","category-minuto-a-minuto","category-zona-roja","tag-eugui-roy-martinez-perez"],"jetpack_featured_media_url":"https:\/\/zonaroja.com.mx\/wp-content\/uploads\/2020\/05\/IMG_9176.jpg","jetpack_sharing_enabled":true,"_links":{"self":[{"href":"https:\/\/zonaroja.com.mx\/index.php?rest_route=\/wp\/v2\/posts\/12155","targetHints":{"allow":["GET"]}}],"collection":[{"href":"https:\/\/zonaroja.com.mx\/index.php?rest_route=\/wp\/v2\/posts"}],"about":[{"href":"https:\/\/zonaroja.com.mx\/index.php?rest_route=\/wp\/v2\/types\/post"}],"author":[{"embeddable":true,"href":"https:\/\/zonaroja.com.mx\/index.php?rest_route=\/wp\/v2\/users\/2"}],"replies":[{"embeddable":true,"href":"https:\/\/zonaroja.com.mx\/index.php?rest_route=%2Fwp%2Fv2%2Fcomments&post=12155"}],"version-history":[{"count":1,"href":"https:\/\/zonaroja.com.mx\/index.php?rest_route=\/wp\/v2\/posts\/12155\/revisions"}],"predecessor-version":[{"id":12157,"href":"https:\/\/zonaroja.com.mx\/index.php?rest_route=\/wp\/v2\/posts\/12155\/revisions\/12157"}],"wp:featuredmedia":[{"embeddable":true,"href":"https:\/\/zonaroja.com.mx\/index.php?rest_route=\/wp\/v2\/media\/12156"}],"wp:attachment":[{"href":"https:\/\/zonaroja.com.mx\/index.php?rest_route=%2Fwp%2Fv2%2Fmedia&parent=12155"}],"wp:term":[{"taxonomy":"category","embeddable":true,"href":"https:\/\/zonaroja.com.mx\/index.php?rest_route=%2Fwp%2Fv2%2Fcategories&post=12155"},{"taxonomy":"post_tag","embeddable":true,"href":"https:\/\/zonaroja.com.mx\/index.php?rest_route=%2Fwp%2Fv2%2Ftags&post=12155"}],"curies":[{"name":"wp","href":"https:\/\/api.w.org\/{rel}","templated":true}]}}