{"id":12158,"date":"2020-05-09T12:27:56","date_gmt":"2020-05-09T17:27:56","guid":{"rendered":"http:\/\/www.zonaroja.com.mx\/?p=12158"},"modified":"2020-05-09T12:28:24","modified_gmt":"2020-05-09T17:28:24","slug":"regidores-de-salina-cruz-exigen-cuentas-a-edil-atecas-altamirano","status":"publish","type":"post","link":"https:\/\/zonaroja.com.mx\/?p=12158","title":{"rendered":"Regidores de Salina Cruz exigen cuentas a edil Atecas Altamirano"},"content":{"rendered":"\n<p>Yuridiana\nSosa\/Zona Roja.<\/p>\n\n\n\n<p>Oaxaca de\nJu\u00e1rez, Oax., 9 de mayo de 2020.- Por la opacidad en la aplicaci\u00f3n de recursos\np\u00fablicos, de los que ni ellos tienen conocimiento, regidores del ayuntamiento\nde Salina Cruz exigieron al presidente municipal Juan Carlos Atecas Altamirano,\nemita un informe sobre la cuenta p\u00fablica municipal.<\/p>\n\n\n\n<p>Los concejales\nconvocaron al edil, surgido del Partido Morena, a realizar una sesi\u00f3n ordinaria\npara que explique sobre la omisi\u00f3n en la transparencia de las finanzas\nmunicipales, de la que se pidi\u00f3 con anterior un informe que no ha entregado.<\/p>\n\n\n\n<p>Desde el\npasado 2 de enero, los regidores comenzaron con la demanda de aclaraci\u00f3n, por\nlo que a trav\u00e9s del oficio 001\/01\/2020, pidieron conocer el estado financiero\ndel ayuntamiento, el avance de los programas, inversi\u00f3n y el estado que guardan\nlos asuntos municipales, pero el edil morenista ha evadido el asunto.<\/p>\n\n\n\n<p>En un\nsegundo llamado, los integrantes del Cabildo, Magaly Chavez Vicente, regidora\nde Obras P\u00fablicas; Teresa Hern\u00e1ndez Santos, S\u00edndico Procurador Hacendario;\nJoaqu\u00edn Santiago Antonio, S\u00edndico de Gobernaci\u00f3n y Reglamentos y Vicente\nAlejandro Mart\u00ednez Quintas, regidor de educaci\u00f3n, Cultura, Deportes y Espect\u00e1culos,\nexigieron cuentas a Atecas Altamirano.<\/p>\n\n\n\n<p>Indicaron\nque la sesi\u00f3n de cabildo solicitada se llevar\u00eda a cabo con las medidas\nnecesarias de prevenci\u00f3n de contagios por Covid-19.<\/p>\n\n\n\n<p>Desde\nhace varios meses, Atecas Altamirano ha sido cuestionado por los salinacrucenes\npor nula obra p\u00fablica y por pelearse hasta con los comerciantes, adem\u00e1s de\nactuar con desd\u00e9n ante las demandas sociales.<\/p>\n\n\n\n<p>Tambi\u00e9n\nse han filtrado diversos documentos en que se da cuenta del presunto otorgamiento\nde recursos p\u00fablicos al senador Salom\u00f3n Jara Cruz, sin justificaci\u00f3n oficial.<\/p>\n","protected":false},"excerpt":{"rendered":"<p>Yuridiana Sosa\/Zona Roja. Oaxaca de Ju\u00e1rez, Oax., 9 de mayo de 2020.- Por la opacidad&hellip;<\/p>\n","protected":false},"author":2,"featured_media":12159,"comment_status":"closed","ping_status":"open","sticky":false,"template":"","format":"standard","meta":{"_lmt_disableupdate":"","_lmt_disable":"","_jetpack_memberships_contains_paid_content":false,"footnotes":""},"categories":[109,47],"tags":[1247,168],"class_list":["post-12158","post","type-post","status-publish","format-standard","has-post-thumbnail","hentry","category-minuto-a-minuto","category-zona-gris","tag-juan-carlos-atecas-altamirano","tag-salina-cruz"],"jetpack_featured_media_url":"https:\/\/zonaroja.com.mx\/wp-content\/uploads\/2020\/05\/IMG_9185.jpg","jetpack_sharing_enabled":true,"_links":{"self":[{"href":"https:\/\/zonaroja.com.mx\/index.php?rest_route=\/wp\/v2\/posts\/12158","targetHints":{"allow":["GET"]}}],"collection":[{"href":"https:\/\/zonaroja.com.mx\/index.php?rest_route=\/wp\/v2\/posts"}],"about":[{"href":"https:\/\/zonaroja.com.mx\/index.php?rest_route=\/wp\/v2\/types\/post"}],"author":[{"embeddable":true,"href":"https:\/\/zonaroja.com.mx\/index.php?rest_route=\/wp\/v2\/users\/2"}],"replies":[{"embeddable":true,"href":"https:\/\/zonaroja.com.mx\/index.php?rest_route=%2Fwp%2Fv2%2Fcomments&post=12158"}],"version-history":[{"count":2,"href":"https:\/\/zonaroja.com.mx\/index.php?rest_route=\/wp\/v2\/posts\/12158\/revisions"}],"predecessor-version":[{"id":12161,"href":"https:\/\/zonaroja.com.mx\/index.php?rest_route=\/wp\/v2\/posts\/12158\/revisions\/12161"}],"wp:featuredmedia":[{"embeddable":true,"href":"https:\/\/zonaroja.com.mx\/index.php?rest_route=\/wp\/v2\/media\/12159"}],"wp:attachment":[{"href":"https:\/\/zonaroja.com.mx\/index.php?rest_route=%2Fwp%2Fv2%2Fmedia&parent=12158"}],"wp:term":[{"taxonomy":"category","embeddable":true,"href":"https:\/\/zonaroja.com.mx\/index.php?rest_route=%2Fwp%2Fv2%2Fcategories&post=12158"},{"taxonomy":"post_tag","embeddable":true,"href":"https:\/\/zonaroja.com.mx\/index.php?rest_route=%2Fwp%2Fv2%2Ftags&post=12158"}],"curies":[{"name":"wp","href":"https:\/\/api.w.org\/{rel}","templated":true}]}}