{"id":12162,"date":"2020-05-09T15:22:53","date_gmt":"2020-05-09T20:22:53","guid":{"rendered":"http:\/\/www.zonaroja.com.mx\/?p=12162"},"modified":"2020-05-09T15:22:56","modified_gmt":"2020-05-09T20:22:56","slug":"supera-con-exito-pedro-lezama-las-72-horas-cruciales-de-recuperacion","status":"publish","type":"post","link":"https:\/\/zonaroja.com.mx\/?p=12162","title":{"rendered":"Supera con \u00e9xito Pedro Lezama las 72 horas cruciales de recuperaci\u00f3n"},"content":{"rendered":"\n<p>Yuridiana\nSosa\/Zona Roja.<\/p>\n\n\n\n<p>San Juan\nBautista Tuxtepec, Oax., 9 de mayo de 2020.- Estable y con un progreso\nfavorable en su recuperaci\u00f3n, es el diagn\u00f3stico para Pedro Lezama, tras su sexta\ncirug\u00eda para conectar el intestino, luego del accidente que sufri\u00f3 mientras\nrealizaba actividades como becario del programa \u201cJ\u00f3venes Construyendo el\nFuturo\u201d.<\/p>\n\n\n\n<p>El padre\ndel joven paciente, don Alejandro Lezama, indic\u00f3 que Pedro avanza en un\nalentador panorama tras la intervenci\u00f3n del lunes pasado, de la que las 72\nhoras siguientes eran fundamentales en su recuperaci\u00f3n rumbo a la meta, el alta\nhospitalaria.<\/p>\n\n\n\n<p>Posterior\na la cirug\u00eda, en la que tambi\u00e9n extrajeron la ves\u00edcula, el becario de Tuxtepec\nno present\u00f3 ninguna complicaci\u00f3n ni sangrado, incluso, retom\u00f3 sus ejercicios\ncotidianos de caminar por algunos minutos con la finalidad de darle movilidad a\nsu organismo, detall\u00f3 el padre.<\/p>\n\n\n\n<p>El \u00e9xito\nde la operaci\u00f3n motiv\u00f3 a\u00fan m\u00e1s al joven originario de Tuxtepec, quien de forma\ncontante comparte en sus redes sociales im\u00e1genes de su progreso.<\/p>\n\n\n\n<p>Pedro Alberto Lezama  Hern\u00e1ndez sufri\u00f3 el accidente mientras realizaba actividades de riesgo como becario del ayuntamiento de Tuxtepec. <\/p>\n\n\n\n<p>El pasado\n19 de noviembre fue asignado para el traslado de l\u00e1minas para entregar material\nde construcci\u00f3n en colonias del municipio como parte de un programa de vivienda\ndel gobierno municipal.&nbsp;&nbsp;&nbsp; <\/p>\n\n\n\n<p>El\npresidente municipal, Fernando Bautista D\u00e1vila, se deslind\u00f3 de los hechos y no\nha informado p\u00fablicamente si contin\u00faa brindando apoyo al joven becario, asignado\na su administraci\u00f3n municipal.<\/p>\n","protected":false},"excerpt":{"rendered":"<p>Yuridiana Sosa\/Zona Roja. San Juan Bautista Tuxtepec, Oax., 9 de mayo de 2020.- Estable y&hellip;<\/p>\n","protected":false},"author":2,"featured_media":7241,"comment_status":"closed","ping_status":"open","sticky":false,"template":"","format":"standard","meta":{"_lmt_disableupdate":"","_lmt_disable":"","_jetpack_memberships_contains_paid_content":false,"footnotes":""},"categories":[109,46],"tags":[1064],"class_list":["post-12162","post","type-post","status-publish","format-standard","has-post-thumbnail","hentry","category-minuto-a-minuto","category-zona-blanca","tag-pedro-alberto-lezama-hernandez"],"jetpack_featured_media_url":"https:\/\/zonaroja.com.mx\/wp-content\/uploads\/2020\/01\/Pedro-Lezama.jpg","jetpack_sharing_enabled":true,"_links":{"self":[{"href":"https:\/\/zonaroja.com.mx\/index.php?rest_route=\/wp\/v2\/posts\/12162","targetHints":{"allow":["GET"]}}],"collection":[{"href":"https:\/\/zonaroja.com.mx\/index.php?rest_route=\/wp\/v2\/posts"}],"about":[{"href":"https:\/\/zonaroja.com.mx\/index.php?rest_route=\/wp\/v2\/types\/post"}],"author":[{"embeddable":true,"href":"https:\/\/zonaroja.com.mx\/index.php?rest_route=\/wp\/v2\/users\/2"}],"replies":[{"embeddable":true,"href":"https:\/\/zonaroja.com.mx\/index.php?rest_route=%2Fwp%2Fv2%2Fcomments&post=12162"}],"version-history":[{"count":1,"href":"https:\/\/zonaroja.com.mx\/index.php?rest_route=\/wp\/v2\/posts\/12162\/revisions"}],"predecessor-version":[{"id":12163,"href":"https:\/\/zonaroja.com.mx\/index.php?rest_route=\/wp\/v2\/posts\/12162\/revisions\/12163"}],"wp:featuredmedia":[{"embeddable":true,"href":"https:\/\/zonaroja.com.mx\/index.php?rest_route=\/wp\/v2\/media\/7241"}],"wp:attachment":[{"href":"https:\/\/zonaroja.com.mx\/index.php?rest_route=%2Fwp%2Fv2%2Fmedia&parent=12162"}],"wp:term":[{"taxonomy":"category","embeddable":true,"href":"https:\/\/zonaroja.com.mx\/index.php?rest_route=%2Fwp%2Fv2%2Fcategories&post=12162"},{"taxonomy":"post_tag","embeddable":true,"href":"https:\/\/zonaroja.com.mx\/index.php?rest_route=%2Fwp%2Fv2%2Ftags&post=12162"}],"curies":[{"name":"wp","href":"https:\/\/api.w.org\/{rel}","templated":true}]}}