{"id":12164,"date":"2020-05-09T16:44:53","date_gmt":"2020-05-09T21:44:53","guid":{"rendered":"http:\/\/www.zonaroja.com.mx\/?p=12164"},"modified":"2020-05-09T16:44:57","modified_gmt":"2020-05-09T21:44:57","slug":"por-pandemia-analizan-posponer-armonizacion-de-reforma-educativa","status":"publish","type":"post","link":"https:\/\/zonaroja.com.mx\/?p=12164","title":{"rendered":"Por pandemia, analizan posponer armonizaci\u00f3n de reforma educativa"},"content":{"rendered":"\n<p>Redacci\u00f3n\/Zona\nRoja. <\/p>\n\n\n\n<p>Oaxaca de\nJu\u00e1rez, Oax. 9 de mayo de 2020.- Debido al estado de emergencia sanitaria por el\nCovid-19, al pleno de la 64 Legislatura del Congreso del Estado se propondr\u00e1\nprorrogar la armonizaci\u00f3n de Ley Estatal de Educaci\u00f3n para Oaxaca, la cual\ntiene como plazo el pr\u00f3ximo 15 de mayo.<\/p>\n\n\n\n<p>As\u00ed lo\nanunci\u00f3 el presidente de la Junta de Coordinaci\u00f3n Pol\u00edtica (Jucopo), quien\nreiter\u00f3 al magisterio Oaxaque\u00f1o, que no habr\u00e1 \u201calbazos\u201d ni \u201cmadruguetes\u201d como\nen el pasado y que escuchar\u00e1n las propuestas de maestras y maestros.<\/p>\n\n\n\n<p>\u201cLa Ley\nque se tenga que aprobar ser\u00e1 en beneficio de la ni\u00f1ez oaxaque\u00f1a, no se har\u00e1 a\nespaldas del pueblo. Pero no podemos pasar de lado los llamados de las\nautoridades de salud en el estado y el pa\u00eds\u201d, expres\u00f3 Sosa Villavicencio.<\/p>\n\n\n\n<p>Inform\u00f3 tambi\u00e9n\nque el mi\u00e9rcoles pasado, los integrantes del Grupo Parlamentario del partido\nMorena en el Congreso, acordaron esperar que existan las condiciones necesarias\npara avanzar en el tema de la reforma educativa; porque eso implica di\u00e1logos\ncon los maestros y con los mismos diputados.<\/p>\n\n\n\n<p>Mencion\u00f3\nque el Congreso debe trabajar en este tema en coordinaci\u00f3n con el gobierno federal,\nla Secci\u00f3n 22 del &nbsp;SNTE y la Secretar\u00eda\nde Educaci\u00f3n P\u00fablica, entre otras instancias.<\/p>\n\n\n\n<p>Horacio\nSosa reiter\u00f3 el compromiso de la 64 Legislatura de ser un Congreso abierto,\ndonde se escuchan las voces de todas y todos. Tambi\u00e9n, llam\u00f3 a los actores\nrelacionados a la armonizaci\u00f3n de la Ley de Educaci\u00f3n, a sumar esfuerzos y\nlograr una reforma adecuada a las necesidades de la ni\u00f1ez oaxaque\u00f1a.<\/p>\n","protected":false},"excerpt":{"rendered":"<p>Redacci\u00f3n\/Zona Roja. Oaxaca de Ju\u00e1rez, Oax. 9 de mayo de 2020.- Debido al estado de&hellip;<\/p>\n","protected":false},"author":2,"featured_media":12165,"comment_status":"closed","ping_status":"open","sticky":false,"template":"","format":"standard","meta":{"_lmt_disableupdate":"","_lmt_disable":"","_jetpack_memberships_contains_paid_content":false,"footnotes":""},"categories":[109],"tags":[444],"class_list":["post-12164","post","type-post","status-publish","format-standard","has-post-thumbnail","hentry","category-minuto-a-minuto","tag-horacio-sosa-villavicencio"],"jetpack_featured_media_url":"https:\/\/zonaroja.com.mx\/wp-content\/uploads\/2020\/05\/Diputado-Horacio-SosaVillavicencio-presidente-de-la-Juntade-Coordinaci\u00f3n-Pol\u00edtica-Jucopo-del-Congreso-Local.jpg","jetpack_sharing_enabled":true,"_links":{"self":[{"href":"https:\/\/zonaroja.com.mx\/index.php?rest_route=\/wp\/v2\/posts\/12164","targetHints":{"allow":["GET"]}}],"collection":[{"href":"https:\/\/zonaroja.com.mx\/index.php?rest_route=\/wp\/v2\/posts"}],"about":[{"href":"https:\/\/zonaroja.com.mx\/index.php?rest_route=\/wp\/v2\/types\/post"}],"author":[{"embeddable":true,"href":"https:\/\/zonaroja.com.mx\/index.php?rest_route=\/wp\/v2\/users\/2"}],"replies":[{"embeddable":true,"href":"https:\/\/zonaroja.com.mx\/index.php?rest_route=%2Fwp%2Fv2%2Fcomments&post=12164"}],"version-history":[{"count":1,"href":"https:\/\/zonaroja.com.mx\/index.php?rest_route=\/wp\/v2\/posts\/12164\/revisions"}],"predecessor-version":[{"id":12166,"href":"https:\/\/zonaroja.com.mx\/index.php?rest_route=\/wp\/v2\/posts\/12164\/revisions\/12166"}],"wp:featuredmedia":[{"embeddable":true,"href":"https:\/\/zonaroja.com.mx\/index.php?rest_route=\/wp\/v2\/media\/12165"}],"wp:attachment":[{"href":"https:\/\/zonaroja.com.mx\/index.php?rest_route=%2Fwp%2Fv2%2Fmedia&parent=12164"}],"wp:term":[{"taxonomy":"category","embeddable":true,"href":"https:\/\/zonaroja.com.mx\/index.php?rest_route=%2Fwp%2Fv2%2Fcategories&post=12164"},{"taxonomy":"post_tag","embeddable":true,"href":"https:\/\/zonaroja.com.mx\/index.php?rest_route=%2Fwp%2Fv2%2Ftags&post=12164"}],"curies":[{"name":"wp","href":"https:\/\/api.w.org\/{rel}","templated":true}]}}