{"id":12167,"date":"2020-05-09T17:46:46","date_gmt":"2020-05-09T22:46:46","guid":{"rendered":"http:\/\/www.zonaroja.com.mx\/?p=12167"},"modified":"2020-05-09T17:46:49","modified_gmt":"2020-05-09T22:46:49","slug":"con-mural-reconocen-labor-de-personal-medico-en-juchitan-oaxaca","status":"publish","type":"post","link":"https:\/\/zonaroja.com.mx\/?p=12167","title":{"rendered":"Con mural, reconocen labor de personal m\u00e9dico en Juchit\u00e1n, Oaxaca"},"content":{"rendered":"\n<p>Evlin\nArag\u00f3n\/Zona Roja.<\/p>\n\n\n\n<p>Oaxaca de\nJu\u00e1rez, Oax., 9 de mayo de 2020.- \u201cXquixep\u00e9 laatu saca zanirutu cudxiilutu\nguendahuar\u00e1 Covid-19\u201d (Gracias a ustedes por estar d\u00e1ndole frente a la\nenfermedad del COVID-19).<\/p>\n\n\n\n<p>Es la\nfrase en zapoteco que acompa\u00f1a un mural con la imagen de una mujer que porta la\nvestimenta de una especialista en la medicina, y que est\u00e1 ubicado en las calles\ndel municipio de Juchit\u00e1n de Zaragoza.<\/p>\n\n\n\n<p>Se trata\nde una forma de reconocimiento al personal m\u00e9dico que en estos momentos realiza\nsu labor diaria enfrent\u00e1ndose a la pandemia mundial por Covid-19 en territorio\nistme\u00f1o, realizada por el artista visual juchiteco Francisco Noriega Nicol\u00e1s mejor\nconocido como \u201cSuarte Noriega\u201d.<\/p>\n\n\n\n<p>El mural\nest\u00e1 ubicado en el callej\u00f3n El Cazador de la Quinta Secci\u00f3n del municipio\njuchiteco y retrata justamente la expresi\u00f3n del personal m\u00e9dico al momento de\ncerrar los ojos y pedir fortaleza para continuar con su labor en la que\nactualmente arriesgan la vida para atender a las y los pacientes que han sido\ndiagnosticados con el virus.<\/p>\n\n\n\n<p>\u201cQu\u00e9 tal\nfamilia, les comparto este mural dedicado a los superh\u00e9roes con batas&#8230;\nGracias a todas las personas que pasaron a saludar y a los que pasaban en sus\nveh\u00edculos y nos mandaban sus buenas vibras\u201d, cita la publicaci\u00f3n del artista en\nFacebook, con la que da a conocer su obra y que cuenta con m\u00e1s de 400\nreacciones y ha sido compartido m\u00e1s de 200 veces.<\/p>\n\n\n\n<p>Los m\u00e1s\nde 90 comentarios en la publicaci\u00f3n reconocen la labor del artista juchiteco,\nas\u00ed como la del personal m\u00e9dico, de enfermer\u00eda e intendencia que tambi\u00e9n se\nencuentran en situaci\u00f3n de riesgo en los hospitales de la regi\u00f3n y de toda la\nentidad oaxaque\u00f1a.<\/p>\n\n\n\n<p>Previamente,\n\u201cSuarte Noriega\u201d, junto con Geovanni Asmania y Sergio Ra\u00fal Herrera D\u00edaz,\nrealizaron un mural para concientizar a la poblaci\u00f3n sobre la importancia del\nuso de cubrebocas en este periodo de contingencia sanitaria y como una de las\nprincipales acciones para evitar el contagio de coronavirus.<\/p>\n\n\n\n<p>En el\nmural se puede ver la imagen de una mujer con el tradicional traje istme\u00f1o, que\nincluye el bordado de gala, con la mitad de su rostro cubierto con el material\nque hasta hace poco era de uso exclusivo del personal m\u00e9dico.<\/p>\n\n\n\n<p>As\u00ed mismo,\nel artista juchiteco ha realizado una serie de murales con diversas tem\u00e1ticas\nen la poblaci\u00f3n, los cuales destacaron posterior a los terremotos que se\nregistraron en la regi\u00f3n del Istmo en el 2017, ya que se convirtieron en\nhomenajes para las mujeres istme\u00f1as que de forma organizada han logrado salir\nadelante pese a la falta de apoyo gubernamental.<\/p>\n","protected":false},"excerpt":{"rendered":"<p>Evlin Arag\u00f3n\/Zona Roja. Oaxaca de Ju\u00e1rez, Oax., 9 de mayo de 2020.- \u201cXquixep\u00e9 laatu saca&hellip;<\/p>\n","protected":false},"author":2,"featured_media":12168,"comment_status":"closed","ping_status":"open","sticky":false,"template":"","format":"standard","meta":{"_lmt_disableupdate":"","_lmt_disable":"","_jetpack_memberships_contains_paid_content":false,"footnotes":""},"categories":[109,46],"tags":[1669],"class_list":["post-12167","post","type-post","status-publish","format-standard","has-post-thumbnail","hentry","category-minuto-a-minuto","category-zona-blanca","tag-mural-juchitan-covid-19"],"jetpack_featured_media_url":"https:\/\/zonaroja.com.mx\/wp-content\/uploads\/2020\/05\/13a49824-86ff-4e8b-813b-a96d64734b85.jpg","jetpack_sharing_enabled":true,"_links":{"self":[{"href":"https:\/\/zonaroja.com.mx\/index.php?rest_route=\/wp\/v2\/posts\/12167","targetHints":{"allow":["GET"]}}],"collection":[{"href":"https:\/\/zonaroja.com.mx\/index.php?rest_route=\/wp\/v2\/posts"}],"about":[{"href":"https:\/\/zonaroja.com.mx\/index.php?rest_route=\/wp\/v2\/types\/post"}],"author":[{"embeddable":true,"href":"https:\/\/zonaroja.com.mx\/index.php?rest_route=\/wp\/v2\/users\/2"}],"replies":[{"embeddable":true,"href":"https:\/\/zonaroja.com.mx\/index.php?rest_route=%2Fwp%2Fv2%2Fcomments&post=12167"}],"version-history":[{"count":1,"href":"https:\/\/zonaroja.com.mx\/index.php?rest_route=\/wp\/v2\/posts\/12167\/revisions"}],"predecessor-version":[{"id":12169,"href":"https:\/\/zonaroja.com.mx\/index.php?rest_route=\/wp\/v2\/posts\/12167\/revisions\/12169"}],"wp:featuredmedia":[{"embeddable":true,"href":"https:\/\/zonaroja.com.mx\/index.php?rest_route=\/wp\/v2\/media\/12168"}],"wp:attachment":[{"href":"https:\/\/zonaroja.com.mx\/index.php?rest_route=%2Fwp%2Fv2%2Fmedia&parent=12167"}],"wp:term":[{"taxonomy":"category","embeddable":true,"href":"https:\/\/zonaroja.com.mx\/index.php?rest_route=%2Fwp%2Fv2%2Fcategories&post=12167"},{"taxonomy":"post_tag","embeddable":true,"href":"https:\/\/zonaroja.com.mx\/index.php?rest_route=%2Fwp%2Fv2%2Ftags&post=12167"}],"curies":[{"name":"wp","href":"https:\/\/api.w.org\/{rel}","templated":true}]}}