{"id":12170,"date":"2020-05-09T18:22:00","date_gmt":"2020-05-09T23:22:00","guid":{"rendered":"http:\/\/www.zonaroja.com.mx\/?p=12170"},"modified":"2020-05-09T18:22:03","modified_gmt":"2020-05-09T23:22:03","slug":"inpi-emite-guia-para-atencion-de-pueblos-indigenas-y-afromexicano-ante-covid","status":"publish","type":"post","link":"https:\/\/zonaroja.com.mx\/?p=12170","title":{"rendered":"INPI emite gu\u00eda para atenci\u00f3n de pueblos ind\u00edgenas y afromexicano ante Covid"},"content":{"rendered":"\n<p>Redacci\u00f3n\/Zona\nRoja.<\/p>\n\n\n\n<p>Ciudad de\nM\u00e9xico, 9 de mayo de 2020.- El Instituto Nacional de los Pueblos Ind\u00edgenas\n(INPI) pone a disposici\u00f3n de las instancias del gobierno federal, estatal y\nmunicipal, as\u00ed como de autoridades agrarias, la Gu\u00eda para la Atenci\u00f3n de\nPueblos y Comunidades Ind\u00edgenas y Afromexicana, ante la emergencia sanitaria\ngenerada por el virus SARS-CoV-2 (Covid-19).<\/p>\n\n\n\n<p>En un\ncomunicado, expuso que pese a que las regiones ind\u00edgenas no se han visto\nagraviadas en la misma proporci\u00f3n que las grandes ciudades, este documento\nbusca garantizar que las medidas implementadas por parte de todos los \u00f3rdenes\nde gobierno para prevenir y evitar contagios, sean dirigidas a los pueblos y\ncomunidades ind\u00edgenas y afromexicana con pertinencia cultural y ling\u00fc\u00edstica.<\/p>\n\n\n\n<p>Adem\u00e1s,\nbusca mitigar las condiciones de rezago hist\u00f3rico en atenci\u00f3n a la salud, las\ndificultades para acceder a la informaci\u00f3n y las consecuencias sanitarias y\necon\u00f3micas que pudieran afectar a la poblaci\u00f3n ind\u00edgena del pa\u00eds.<\/p>\n\n\n\n<p>En esta\nGu\u00eda se contemplan acciones de prevenci\u00f3n, vigilancia y atenci\u00f3n relacionadas\ncon el Covid-19, en el contexto de los territorios ind\u00edgenas. Asimismo, cuenta\ncon mecanismos estrat\u00e9gicos para brindar asesor\u00eda y respaldo a la poblaci\u00f3n\nind\u00edgena migrante.<\/p>\n\n\n\n<p>Por otro\nlado, se establecen las directrices que ser\u00e1n traducidas en las principales\nlenguas ind\u00edgenas del pa\u00eds y los mecanismos para su traducci\u00f3n y difusi\u00f3n, con\nenfoque cultural y ling\u00fc\u00edstico.<\/p>\n\n\n\n<p>Se trata\nde sumar esfuerzos en beneficio de los pueblos y comunidades en casos como lo\nson el seguimiento y atenci\u00f3n a perfiles sospechosos y fallecimientos,\ntraslados libres de contagios, atenci\u00f3n m\u00e9dica.<\/p>\n\n\n\n<p>As\u00ed como brindar recomendaciones a tomar en cuenta para fomentar la reactivaci\u00f3n econ\u00f3mica y social en las comunidades de manera integral, con apego a las l\u00edneas de acci\u00f3n que ya se llevan a cabo por el Gobierno de M\u00e9xico.<\/p>\n\n\n\n<figure class=\"wp-block-embed-twitter wp-block-embed is-type-rich is-provider-twitter\"><div class=\"wp-block-embed__wrapper\">\n<div class=\"twitter-tweet\"><blockquote class=\"twitter-tweet\" data-lang=\"es\"><p lang=\"es\" dir=\"ltr\"><a href=\"https:\/\/twitter.com\/hashtag\/Atenci%C3%B3n?src=hash&amp;ref_src=twsrc%5Etfw\">#Atenci\u00f3n<\/a> | \ud83d\udce2<br><br>El INPI emite la Gu\u00eda de Atenci\u00f3n a Pueblos y Comunidades Ind\u00edgenas y Afromexicanas ante la emergencia sanitaria generada por el virus <a href=\"https:\/\/twitter.com\/hashtag\/COVID19?src=hash&amp;ref_src=twsrc%5Etfw\">#COVID19<\/a>, un documento que permitir\u00e1 adoptar medidas con pertinencia cultural, social y econ\u00f3mica.<br><br>\u27a1\ufe0f<a href=\"https:\/\/t.co\/rGACLbY8zy\">https:\/\/t.co\/rGACLbY8zy<\/a> <a href=\"https:\/\/t.co\/T62muUfNPz\">pic.twitter.com\/T62muUfNPz<\/a><\/p>&mdash; INPI (@INPImx) <a href=\"https:\/\/twitter.com\/INPImx\/status\/1258875362743812096?ref_src=twsrc%5Etfw\">8 de mayo de 2020<\/a><\/blockquote><\/div>\n<\/div><\/figure>\n\n\n\n<p>La Gu\u00eda\nestablece lineamientos espec\u00edficos con respeto a la libre determinaci\u00f3n y\nautonom\u00eda de los pueblos ind\u00edgenas, a las atribuciones de las autoridades\ncomunitarias, formas de organizaci\u00f3n y aspectos culturales, a fin de establecer\nlos principios de coordinaci\u00f3n con las autoridades federales, estatales y municipales\nen beneficio de las comunidades.<\/p>\n\n\n\n<p>SALVAGUARDAR\nA PUEBLOS<\/p>\n\n\n\n<p>Cabe\ndestacar que cada uno de los enunciados de esta gu\u00eda pr\u00e1ctica de cooperaci\u00f3n\ngarantiza el cumplimiento a la Constituci\u00f3n Pol\u00edtica de los Estados Unidos\nMexicanos y de diversos articulados de la Organizaci\u00f3n Mundial de la Salud y el\nConsejo de Salubridad General publicados en el Diario Oficial de la Federaci\u00f3n\nlos d\u00edas 23 y 30 de marzo de este a\u00f1o, para afrontar con acciones contundentes\nel Covid-19.<\/p>\n\n\n\n<p>El INPI\ntienen el firme objetivo de salvaguardar la vida de la poblaci\u00f3n que se\nencuentran en los pueblos ind\u00edgenas y afromexicano en condiciones vulnerables,\npor ello contin\u00faa impulsando acciones que contribuyan en la disminuci\u00f3n de\nriesgos por la pandemia del Covid-19.<\/p>\n\n\n\n<p>A trav\u00e9s\ndel Sistema de Radiodifusoras Culturales Ind\u00edgenas (SRCI) del INPI, se informan\nlas medidas de prevenci\u00f3n recomendadas por el Gobierno de M\u00e9xico en 35 lenguas\nind\u00edgenas y se difunde la estrategia informativa \u00abQu\u00e9date en tu\ncomunidad\u00bb, que busca concientizar a la poblaci\u00f3n ind\u00edgena, as\u00ed como a la\npoblaci\u00f3n migrante, para respetar los cercos sanitarios y las medidas de\ncontenci\u00f3n implementadas por las autoridades comunitarias.<\/p>\n\n\n\n<p>Del mismo\nmodo, el Instituto ha exhortado a la poblaci\u00f3n en general a acatar las medidas\nde distanciamiento y control que han implementado los propios pueblos ind\u00edgenas,\ncon el fin de salvaguardar la salud de la poblaci\u00f3n dentro de sus\nterritorios.&nbsp; <\/p>\n\n\n\n<p>La Gu\u00eda\npuede ser consultada en l\u00ednea a trav\u00e9s del portal institucional del INPI\nhttps:\/\/www.gob.mx\/inpi y en el micrositio habilitado por la Secretar\u00eda de\nSalud https:\/\/coronavirus.gob.mx\/, y se difundir\u00e1 a trav\u00e9s de las 22 emisoras\nque componen el SRCI.&nbsp;&nbsp; <\/p>\n","protected":false},"excerpt":{"rendered":"<p>Redacci\u00f3n\/Zona Roja. Ciudad de M\u00e9xico, 9 de mayo de 2020.- El Instituto Nacional de los&hellip;<\/p>\n","protected":false},"author":2,"featured_media":12171,"comment_status":"closed","ping_status":"open","sticky":false,"template":"","format":"standard","meta":{"_lmt_disableupdate":"","_lmt_disable":"","_jetpack_memberships_contains_paid_content":false,"footnotes":""},"categories":[109,46],"tags":[558],"class_list":["post-12170","post","type-post","status-publish","format-standard","has-post-thumbnail","hentry","category-minuto-a-minuto","category-zona-blanca","tag-instituto-nacional-de-pueblos-indigenas"],"jetpack_featured_media_url":"https:\/\/zonaroja.com.mx\/wp-content\/uploads\/2020\/05\/Gu\u00eda-INPI.jpg","jetpack_sharing_enabled":true,"_links":{"self":[{"href":"https:\/\/zonaroja.com.mx\/index.php?rest_route=\/wp\/v2\/posts\/12170","targetHints":{"allow":["GET"]}}],"collection":[{"href":"https:\/\/zonaroja.com.mx\/index.php?rest_route=\/wp\/v2\/posts"}],"about":[{"href":"https:\/\/zonaroja.com.mx\/index.php?rest_route=\/wp\/v2\/types\/post"}],"author":[{"embeddable":true,"href":"https:\/\/zonaroja.com.mx\/index.php?rest_route=\/wp\/v2\/users\/2"}],"replies":[{"embeddable":true,"href":"https:\/\/zonaroja.com.mx\/index.php?rest_route=%2Fwp%2Fv2%2Fcomments&post=12170"}],"version-history":[{"count":1,"href":"https:\/\/zonaroja.com.mx\/index.php?rest_route=\/wp\/v2\/posts\/12170\/revisions"}],"predecessor-version":[{"id":12172,"href":"https:\/\/zonaroja.com.mx\/index.php?rest_route=\/wp\/v2\/posts\/12170\/revisions\/12172"}],"wp:featuredmedia":[{"embeddable":true,"href":"https:\/\/zonaroja.com.mx\/index.php?rest_route=\/wp\/v2\/media\/12171"}],"wp:attachment":[{"href":"https:\/\/zonaroja.com.mx\/index.php?rest_route=%2Fwp%2Fv2%2Fmedia&parent=12170"}],"wp:term":[{"taxonomy":"category","embeddable":true,"href":"https:\/\/zonaroja.com.mx\/index.php?rest_route=%2Fwp%2Fv2%2Fcategories&post=12170"},{"taxonomy":"post_tag","embeddable":true,"href":"https:\/\/zonaroja.com.mx\/index.php?rest_route=%2Fwp%2Fv2%2Ftags&post=12170"}],"curies":[{"name":"wp","href":"https:\/\/api.w.org\/{rel}","templated":true}]}}