{"id":12173,"date":"2020-05-09T19:37:28","date_gmt":"2020-05-10T00:37:28","guid":{"rendered":"http:\/\/www.zonaroja.com.mx\/?p=12173"},"modified":"2020-05-09T19:37:31","modified_gmt":"2020-05-10T00:37:31","slug":"enfrentamiento-entre-priistas-y-morenistas-deja-varios-heridos-en-astata","status":"publish","type":"post","link":"https:\/\/zonaroja.com.mx\/?p=12173","title":{"rendered":"Enfrentamiento entre priistas y morenistas deja varios heridos en Astata"},"content":{"rendered":"\n<p>Redacci\u00f3n\/Zona\nRoja.<\/p>\n\n\n\n<p>Oaxaca de\nJu\u00e1rez, Oax., 9 de mayo de 2020.- En plena Fase 3 de la contingencia sanitaria\npor Covid-19, dos grupos de pobladores de Santiago Astata se enfrentaron a\npalos, piedras y disparos de armas de fuego.<\/p>\n\n\n\n<p>Desde hace\nvarios meses persiste un problema en ese municipio de la regi\u00f3n del Istmo de\nTehuantepec, colindante con la Costa, y ahora deriv\u00f3 en una trifulca entre\npriistas y morenistas seguidores del presidente municipal Dorian Giovani\nRic\u00e1rdez.<\/p>\n\n\n\n<p>En lo que va del presente a\u00f1o, cuando menos tres enfrentamientos se han suscitado, con saldo de varias personas heridas.<\/p>\n\n\n\n<figure class=\"wp-block-embed-twitter wp-block-embed is-type-rich is-provider-twitter\"><div class=\"wp-block-embed__wrapper\">\n<div class=\"twitter-tweet\"><blockquote class=\"twitter-tweet\" data-lang=\"es\"><p lang=\"es\" dir=\"ltr\"><a href=\"https:\/\/twitter.com\/hashtag\/%C3%9AltimoMinuto?src=hash&amp;ref_src=twsrc%5Etfw\">#\u00daltimoMinuto<\/a> <br>En plena contingencia sanitaria, este s\u00e1bado se registr\u00f3 un enfrentamiento entre pobladores de Santiago <a href=\"https:\/\/twitter.com\/hashtag\/Astata?src=hash&amp;ref_src=twsrc%5Etfw\">#Astata<\/a>, de la regi\u00f3n del Istmo de Tehuantepec, Oaxaca; hubo disparos de armas de fuego, hay varios lesionados. <a href=\"https:\/\/t.co\/t8jdW0BV0Q\">pic.twitter.com\/t8jdW0BV0Q<\/a><\/p>&mdash; Zona Roja Oaxaca (@MexRoja) <a href=\"https:\/\/twitter.com\/MexRoja\/status\/1259271863806681101?ref_src=twsrc%5Etfw\">9 de mayo de 2020<\/a><\/blockquote><\/div>\n<\/div><\/figure>\n\n\n\n<p>En esta\nocasi\u00f3n, los hechos sucedieron en el transcurso de la tarde de este s\u00e1bado en\nel exterior del domicilio del s\u00edndico suplente, donde la hija de \u00e9ste result\u00f3\nlesionada.<\/p>\n\n\n\n<p>Integrantes\ndel Comit\u00e9 de Agua Potable intentaban cortar el suministro por falta de pago,\npero actuaron con extrema violencia en dicho municipio, dijo el edil.<\/p>\n\n\n\n<p>Dorian\nGiovani responsabiliza a Nereud Cabrera Ojeda, Adelfo Ojeda Villalobos, Adalino\nFerm\u00edn Garc\u00eda, de la agresi\u00f3n a varias personas, incluyendo mujeres.<\/p>\n\n\n\n<p>Presuntamente\nel grupo agresor son afines al PRI y los encabezaba Maricela Fermin Pi\u00f1\u00f3n,\nseg\u00fan denunciaron los lesionados.<\/p>\n","protected":false},"excerpt":{"rendered":"<p>Redacci\u00f3n\/Zona Roja. Oaxaca de Ju\u00e1rez, Oax., 9 de mayo de 2020.- En plena Fase 3&hellip;<\/p>\n","protected":false},"author":2,"featured_media":12174,"comment_status":"closed","ping_status":"open","sticky":false,"template":"","format":"standard","meta":{"_lmt_disableupdate":"","_lmt_disable":"","_jetpack_memberships_contains_paid_content":false,"footnotes":""},"categories":[109,47],"tags":[1254],"class_list":["post-12173","post","type-post","status-publish","format-standard","has-post-thumbnail","hentry","category-minuto-a-minuto","category-zona-gris","tag-santiago-astata"],"jetpack_featured_media_url":"https:\/\/zonaroja.com.mx\/wp-content\/uploads\/2020\/05\/Agredidos-Astata.jpg","jetpack_sharing_enabled":true,"_links":{"self":[{"href":"https:\/\/zonaroja.com.mx\/index.php?rest_route=\/wp\/v2\/posts\/12173","targetHints":{"allow":["GET"]}}],"collection":[{"href":"https:\/\/zonaroja.com.mx\/index.php?rest_route=\/wp\/v2\/posts"}],"about":[{"href":"https:\/\/zonaroja.com.mx\/index.php?rest_route=\/wp\/v2\/types\/post"}],"author":[{"embeddable":true,"href":"https:\/\/zonaroja.com.mx\/index.php?rest_route=\/wp\/v2\/users\/2"}],"replies":[{"embeddable":true,"href":"https:\/\/zonaroja.com.mx\/index.php?rest_route=%2Fwp%2Fv2%2Fcomments&post=12173"}],"version-history":[{"count":1,"href":"https:\/\/zonaroja.com.mx\/index.php?rest_route=\/wp\/v2\/posts\/12173\/revisions"}],"predecessor-version":[{"id":12175,"href":"https:\/\/zonaroja.com.mx\/index.php?rest_route=\/wp\/v2\/posts\/12173\/revisions\/12175"}],"wp:featuredmedia":[{"embeddable":true,"href":"https:\/\/zonaroja.com.mx\/index.php?rest_route=\/wp\/v2\/media\/12174"}],"wp:attachment":[{"href":"https:\/\/zonaroja.com.mx\/index.php?rest_route=%2Fwp%2Fv2%2Fmedia&parent=12173"}],"wp:term":[{"taxonomy":"category","embeddable":true,"href":"https:\/\/zonaroja.com.mx\/index.php?rest_route=%2Fwp%2Fv2%2Fcategories&post=12173"},{"taxonomy":"post_tag","embeddable":true,"href":"https:\/\/zonaroja.com.mx\/index.php?rest_route=%2Fwp%2Fv2%2Ftags&post=12173"}],"curies":[{"name":"wp","href":"https:\/\/api.w.org\/{rel}","templated":true}]}}