{"id":12185,"date":"2020-05-10T11:00:07","date_gmt":"2020-05-10T16:00:07","guid":{"rendered":"http:\/\/www.zonaroja.com.mx\/?p=12185"},"modified":"2020-05-10T07:52:27","modified_gmt":"2020-05-10T12:52:27","slug":"despojo-de-tierras-dano-y-enriquecimiento-de-unos-la-otra-cara-del-transistmico","status":"publish","type":"post","link":"https:\/\/zonaroja.com.mx\/?p=12185","title":{"rendered":"Despojo de tierras, da\u00f1o y enriquecimiento de unos, la otra cara del Trans\u00edstmico"},"content":{"rendered":"\n<p>Evlin\nArag\u00f3n\/Zona Roja.<\/p>\n\n\n\n<p>Oaxaca de\nJu\u00e1rez, Oax., 10 de mayo de 2020.- Lejos de considerarlo como el gran proyecto\nde infraestructura que permita el desarrollo del sur-sureste del pa\u00eds, el\nCorredor Trans\u00edstmico en territorio oaxaque\u00f1o representa la amplia posibilidad\nde despojo y subordinaci\u00f3n de las comunidades ind\u00edgenas, particularmente\nasentadas en la regi\u00f3n del Istmo de Tehuantepec.<\/p>\n\n\n\n<p>As\u00ed lo\nrefiere la investigaci\u00f3n realizada por Daniel Sandoval V\u00e1squez y titulada \u201cTren\nAmaya, Sembrando Vida y Corredor Trans\u00edstmico. Impactos en el valor de uso\nterritorial de las comunidades ind\u00edgenas y campesinas\u201d, publicado por el Centro\nde Estudios para el Cambio en el Campo Mexicano.<\/p>\n\n\n\n<p>De\nacuerdo con el documento, el proyecto vitoreado por las autoridades estatales y\nfederales, pretende arrebatar la posici\u00f3n afectiva de la tierra a las\npoblaciones originarias y, por otra parte privarlas de la capacidad de decidir\nsobre cualquier uso futuro de los recursos en general.<\/p>\n\n\n\n<p>Lo\nanterior s\u00f3lo como el primer paso, ya que una vez funcionando puede derivar en\nla explotaci\u00f3n de la poblaci\u00f3n que ser\u00e1 separada de su labor creativa ligada a\nla tierra, as\u00ed como de las poblaciones migrantes de Centroam\u00e9rica que arriban\nal pa\u00eds en b\u00fasqueda de mejores condiciones de vida.<\/p>\n\n\n\n<p>As\u00ed mismo,\npone puntual atenci\u00f3n en que el beneficio econ\u00f3mico ser\u00eda para las grandes\nempresas nacionales y extranjeras, quienes se quedar\u00edan con las ganancias que\ngenere la distribuci\u00f3n de mercanc\u00edas y las actividades tur\u00edsticas planteadas en\nla zona, situaci\u00f3n similar a la que ocurrir\u00e1 en el contexto del Tren Maya.<\/p>\n\n\n\n<p>Ello sin\ndejar de se\u00f1alar la violaci\u00f3n a la soberan\u00eda nacional que podr\u00eda configurarse,\nya que se trata de un proyecto subordinado a intereses extranjeros y no al\ndesarrollo y crecimiento nacional, dise\u00f1ado para cumplir prop\u00f3sitos del mercado\nmundial y sobre todo que abra la posibilidad de fundar nuevos procesos de\ncontrol social y militarizaci\u00f3n en la regi\u00f3n sur sureste del pa\u00eds.<\/p>\n\n\n\n<p>De\nacuerdo con Daniel Sandoval, ya existen antecedentes suficientes que muestra\nlos conflictos que enfrentan hoy en d\u00eda las comunidades ind\u00edgenas en donde\nexiste infraestructura energ\u00e9tica, explotaci\u00f3n de hidrocarburos, parques\nindustriales manufactureros, agroindustria, cultivo de transg\u00e9nicos,\ndesarrollos inmobiliarios y tur\u00edsticos, entre muchos otros que impactan en el\nmedio ambiente y la poblaci\u00f3n<\/p>\n\n\n\n<p>Por ello,\nen la publicaci\u00f3n se cr\u00edtica que a\u00fan con el cambio de gobierno, la construcci\u00f3n\nde una nueva infraestructura que afecta significativamente los recursos\nnaturales y a las comunidades que los conservan, siga siendo presentada por el\nEstado y las empresas que la ejecutan como indispensable para el progreso y\ndesarrollo de la Naci\u00f3n, cuando son intereses econ\u00f3micos los que en el fondo se\nponderan por encima de cualquier otra cosa.<\/p>\n\n\n\n<p>Finalmente,\ny pese a la parte negativa que presenta la instalaci\u00f3n y operaci\u00f3n, tanto del\nCorredor Trans\u00edstmico como del Tren Maya, la investigaci\u00f3n advierte la d\u00e9bil\nrespuesta por parte de las comunidades, ya que \u00fanicamente son peque\u00f1os grupos\nque hist\u00f3ricamente han defendido sus territorios y recursos quienes actualmente\nintentan articular un frente de oposici\u00f3n.<\/p>\n\n\n\n<p>Lo\nanterior debido en gran parte a la implementaci\u00f3n de la estrategia federal\ndenominada Sembrando Vida por medio de la cual se ha logrado que las personas\nacepten las disposiciones oficiales e incluso cedan sus tierras como ya sucedi\u00f3\nen Bacalar, Quintana Roo.<\/p>\n","protected":false},"excerpt":{"rendered":"<p>Evlin Arag\u00f3n\/Zona Roja. Oaxaca de Ju\u00e1rez, Oax., 10 de mayo de 2020.- Lejos de considerarlo&hellip;<\/p>\n","protected":false},"author":2,"featured_media":6164,"comment_status":"closed","ping_status":"open","sticky":false,"template":"","format":"standard","meta":{"_lmt_disableupdate":"","_lmt_disable":"","_jetpack_memberships_contains_paid_content":false,"footnotes":""},"categories":[109,47],"tags":[1146],"class_list":["post-12185","post","type-post","status-publish","format-standard","has-post-thumbnail","hentry","category-minuto-a-minuto","category-zona-gris","tag-proyecto-transistimico"],"jetpack_featured_media_url":"https:\/\/zonaroja.com.mx\/wp-content\/uploads\/2019\/11\/Corredor-Trans\u00edstimico.jpg","jetpack_sharing_enabled":true,"_links":{"self":[{"href":"https:\/\/zonaroja.com.mx\/index.php?rest_route=\/wp\/v2\/posts\/12185","targetHints":{"allow":["GET"]}}],"collection":[{"href":"https:\/\/zonaroja.com.mx\/index.php?rest_route=\/wp\/v2\/posts"}],"about":[{"href":"https:\/\/zonaroja.com.mx\/index.php?rest_route=\/wp\/v2\/types\/post"}],"author":[{"embeddable":true,"href":"https:\/\/zonaroja.com.mx\/index.php?rest_route=\/wp\/v2\/users\/2"}],"replies":[{"embeddable":true,"href":"https:\/\/zonaroja.com.mx\/index.php?rest_route=%2Fwp%2Fv2%2Fcomments&post=12185"}],"version-history":[{"count":1,"href":"https:\/\/zonaroja.com.mx\/index.php?rest_route=\/wp\/v2\/posts\/12185\/revisions"}],"predecessor-version":[{"id":12186,"href":"https:\/\/zonaroja.com.mx\/index.php?rest_route=\/wp\/v2\/posts\/12185\/revisions\/12186"}],"wp:featuredmedia":[{"embeddable":true,"href":"https:\/\/zonaroja.com.mx\/index.php?rest_route=\/wp\/v2\/media\/6164"}],"wp:attachment":[{"href":"https:\/\/zonaroja.com.mx\/index.php?rest_route=%2Fwp%2Fv2%2Fmedia&parent=12185"}],"wp:term":[{"taxonomy":"category","embeddable":true,"href":"https:\/\/zonaroja.com.mx\/index.php?rest_route=%2Fwp%2Fv2%2Fcategories&post=12185"},{"taxonomy":"post_tag","embeddable":true,"href":"https:\/\/zonaroja.com.mx\/index.php?rest_route=%2Fwp%2Fv2%2Ftags&post=12185"}],"curies":[{"name":"wp","href":"https:\/\/api.w.org\/{rel}","templated":true}]}}