{"id":12193,"date":"2020-05-10T12:32:23","date_gmt":"2020-05-10T17:32:23","guid":{"rendered":"http:\/\/www.zonaroja.com.mx\/?p=12193"},"modified":"2020-05-10T12:37:19","modified_gmt":"2020-05-10T17:37:19","slug":"madres-oaxaquenas-tambien-sufren-violencia-cotidiana","status":"publish","type":"post","link":"https:\/\/zonaroja.com.mx\/?p=12193","title":{"rendered":"Madres oaxaque\u00f1as tambi\u00e9n sufren violencia cotidiana"},"content":{"rendered":"\n<p>Ismael\nGarc\u00eda M.\/Zona Roja.<\/p>\n\n\n\n<p>Oaxaca de\nJu\u00e1rez, Oax., 10 de mayo de 2020.- Las madres oaxaque\u00f1as, son las mayores\nv\u00edctimas de la violencia feminicida y dom\u00e9stica, que se ha incrementado en la\ncuarentena a causa de la pandemia por Covid-19.<\/p>\n\n\n\n<p>Al menos\n190 llamadas de auxilio ha recibido tan s\u00f3lo en la \u00faltima semana la Red de\nMujeres para una Vida Libre de Violencia (Remuvi) de Oaxaca y ha brindado\ncuatro atenciones psicol\u00f3gicas, inform\u00f3 la agrupaci\u00f3n civil.<\/p>\n\n\n\n<p>Una\nveintena de activistas efectu\u00f3 la ma\u00f1ana de hoy una protesta simb\u00f3lica en el\nmonumento a las Madres de la capital oaxaque\u00f1a, para visibilizar la violencia\nque sufren las mujeres en la entidad.<\/p>\n\n\n\n<p>\u201cLas experiencias de las mujeres respecto a la maternidad son diversas, el 10 de mayo acostumbramos a festejar a las madres por ser dadoras de vida, as\u00ed como agradecer el cuidado, atenci\u00f3n, protecci\u00f3n y cari\u00f1o.<\/p>\n\n\n\n<figure class=\"wp-block-embed-twitter wp-block-embed is-type-rich is-provider-twitter\"><div class=\"wp-block-embed__wrapper\">\n<div class=\"twitter-tweet\"><blockquote class=\"twitter-tweet\" data-lang=\"es\"><p lang=\"es\" dir=\"ltr\">\u00bfFeliz D\u00eda de las Madres? <br>S\u00f3lo la asociaci\u00f3n civil Red de Mujeres por una Vida Libre de Violencia ha recibido durante la cuarentena, 190 llamadas de mujeres pidiendo auxilio, informaron hoy durante su protesta pac\u00edfica por el D\u00eda de las Madres. <a href=\"https:\/\/t.co\/YmiiYKfKe6\">pic.twitter.com\/YmiiYKfKe6<\/a><\/p>&mdash; Zona Roja Oaxaca (@MexRoja) <a href=\"https:\/\/twitter.com\/MexRoja\/status\/1259525544183463937?ref_src=twsrc%5Etfw\">10 de mayo de 2020<\/a><\/blockquote><\/div>\n<\/div><\/figure>\n\n\n\n<p>\u201cSin\nembargo, no todas las maternidades son iguales, hay mujeres que viven su\nmaternidad rodeadas de violencia en diversos \u00e1mbitos, tales como el escolar,\nlaboral y familiar, as\u00ed como violencia obst\u00e9trica\u201d, expusieron. <\/p>\n\n\n\n<p>\u201cEs\nnecesario que la sociedad oaxaque\u00f1a sepa que existen diversas maternidades,\nmuchas de las cuales se ejercen en situaciones de violencia incluso en el \u00e1mbito\nfamiliar\u201d, expuso Alejandra Villavicencio Cruz durante un breve mensaje.<\/p>\n\n\n\n<p>Al frente\ndel monumento a la Madre, que se localiza entre la calzada Madero y avenida\nOaxaca, Santa Rosa Panzacola, colocaron cartulinas con diversos mensajes que\ncom\u00fanmente se dice a las mujeres:<\/p>\n\n\n\n<p>\u201cNo te\nvoy a dar ni un peso para que andes de puta con otro\u201d; \u201cPerd\u00f3name, ya no te\nvolver\u00e9 a pegar\u201d; \u201c\u00bfNo que muy chingona?, mantelo\u201d; \u201cYa eres mam\u00e1, ya no te\npuedes vestir como antes\u201d; \u201cNo lo dejes, hazlo por tus hijos\u201d; \u201cQui\u00e9n te va\nquerer con hijos\u201d.<\/p>\n\n\n\n<p>La Remuvi se form\u00f3 aproximadamente hace seis meses con presencia en varias regiones de la entidad y ofrece asesor\u00edas jur\u00eddica y psicol\u00f3gica, adem\u00e1s de acompa\u00f1amiento a las v\u00edctimas. Se les puede contactar al n\u00famero telef\u00f3nico: 951 951 471 39 10.<\/p>\n\n\n\n<figure class=\"wp-block-embed-twitter wp-block-embed is-type-rich is-provider-twitter\"><div class=\"wp-block-embed__wrapper\">\n<div class=\"twitter-tweet\"><blockquote class=\"twitter-tweet\" data-lang=\"es\"><p lang=\"es\" dir=\"ltr\"><a href=\"https:\/\/twitter.com\/hashtag\/ENVIVO?src=hash&amp;ref_src=twsrc%5Etfw\">#ENVIVO<\/a><br>Oaxaca de Ju\u00e1rez, Oax., 10 de mayo de 2020.- Integrantes de la organizaci\u00f3n Red de Mujeres por una Vida Libre de Violencia realizan una manifestaci\u00f3n pac\u00edfica con motivo del D\u00eda de las Madres. <br>\ud83d\udc47<a href=\"https:\/\/t.co\/5pqkTFmjrR\">https:\/\/t.co\/5pqkTFmjrR<\/a> <a href=\"https:\/\/t.co\/oowKKD1ez5\">pic.twitter.com\/oowKKD1ez5<\/a><\/p>&mdash; Zona Roja Oaxaca (@MexRoja) <a href=\"https:\/\/twitter.com\/MexRoja\/status\/1259505318498877444?ref_src=twsrc%5Etfw\">10 de mayo de 2020<\/a><\/blockquote><\/div>\n<\/div><\/figure>\n","protected":false},"excerpt":{"rendered":"<p>Ismael Garc\u00eda M.\/Zona Roja. Oaxaca de Ju\u00e1rez, Oax., 10 de mayo de 2020.- Las madres&hellip;<\/p>\n","protected":false},"author":2,"featured_media":12194,"comment_status":"closed","ping_status":"open","sticky":false,"template":"","format":"standard","meta":{"_lmt_disableupdate":"","_lmt_disable":"","_jetpack_memberships_contains_paid_content":false,"footnotes":""},"categories":[109,47],"tags":[1671],"class_list":["post-12193","post","type-post","status-publish","format-standard","has-post-thumbnail","hentry","category-minuto-a-minuto","category-zona-gris","tag-red-de-mujeres-para-una-vida-libre-de-violencia-remuvi"],"jetpack_featured_media_url":"https:\/\/zonaroja.com.mx\/wp-content\/uploads\/2020\/05\/D\u00eda-de-las-Madres.png","jetpack_sharing_enabled":true,"_links":{"self":[{"href":"https:\/\/zonaroja.com.mx\/index.php?rest_route=\/wp\/v2\/posts\/12193","targetHints":{"allow":["GET"]}}],"collection":[{"href":"https:\/\/zonaroja.com.mx\/index.php?rest_route=\/wp\/v2\/posts"}],"about":[{"href":"https:\/\/zonaroja.com.mx\/index.php?rest_route=\/wp\/v2\/types\/post"}],"author":[{"embeddable":true,"href":"https:\/\/zonaroja.com.mx\/index.php?rest_route=\/wp\/v2\/users\/2"}],"replies":[{"embeddable":true,"href":"https:\/\/zonaroja.com.mx\/index.php?rest_route=%2Fwp%2Fv2%2Fcomments&post=12193"}],"version-history":[{"count":1,"href":"https:\/\/zonaroja.com.mx\/index.php?rest_route=\/wp\/v2\/posts\/12193\/revisions"}],"predecessor-version":[{"id":12195,"href":"https:\/\/zonaroja.com.mx\/index.php?rest_route=\/wp\/v2\/posts\/12193\/revisions\/12195"}],"wp:featuredmedia":[{"embeddable":true,"href":"https:\/\/zonaroja.com.mx\/index.php?rest_route=\/wp\/v2\/media\/12194"}],"wp:attachment":[{"href":"https:\/\/zonaroja.com.mx\/index.php?rest_route=%2Fwp%2Fv2%2Fmedia&parent=12193"}],"wp:term":[{"taxonomy":"category","embeddable":true,"href":"https:\/\/zonaroja.com.mx\/index.php?rest_route=%2Fwp%2Fv2%2Fcategories&post=12193"},{"taxonomy":"post_tag","embeddable":true,"href":"https:\/\/zonaroja.com.mx\/index.php?rest_route=%2Fwp%2Fv2%2Ftags&post=12193"}],"curies":[{"name":"wp","href":"https:\/\/api.w.org\/{rel}","templated":true}]}}