{"id":12196,"date":"2020-05-10T13:02:34","date_gmt":"2020-05-10T18:02:34","guid":{"rendered":"http:\/\/www.zonaroja.com.mx\/?p=12196"},"modified":"2020-05-10T13:38:36","modified_gmt":"2020-05-10T18:38:36","slug":"dia-de-las-madres-violento-en-oaxaca-calcinan-a-individuo","status":"publish","type":"post","link":"https:\/\/zonaroja.com.mx\/?p=12196","title":{"rendered":"D\u00eda de las Madres violento en Oaxaca: calcinan a individuo"},"content":{"rendered":"\n<p>Redacci\u00f3n\/Zona\nRoja. Foto: El Pi\u00f1ero<\/p>\n\n\n\n<p>Oaxaca de\nJu\u00e1rez, Oax., 10 de mayo de 2020.- La violencia en Oaxaca no cesa ni en el D\u00eda\nde las Madres.<\/p>\n\n\n\n<p>La ma\u00f1ana\nde este domingo fue localizado un cuerpo calcinado en inmediaciones de la\nlocalidad de Mata de Ca\u00f1a, del municipio de San Juan Bautista Tuxtepec. <\/p>\n\n\n\n<p>De manera\npreliminar se inform\u00f3 que se trata de una persona del sexo masculino, que\nalrededor de las 06:00 horas a\u00fan estaba en llamas en un paraje.<\/p>\n\n\n\n<p>Hasta el\nmomento no ha sido identificada la v\u00edctima y personal de la Vicefiscal\u00eda\nRegional de la Cuenca lleg\u00f3 despu\u00e9s de las diez de la ma\u00f1ana para iniciar las\nindagatorias y posteriormente ordenar el levantamiento del cad\u00e1ver.<\/p>\n\n\n\n<p>De\nacuerdo con medios informativos de la regi\u00f3n, en lo que va del a\u00f1o, superan los\n50 asesinatos, bajo la administraci\u00f3n del edil Fernando Bautista D\u00e1vila.<\/p>\n","protected":false},"excerpt":{"rendered":"<p>Redacci\u00f3n\/Zona Roja. Foto: El Pi\u00f1ero Oaxaca de Ju\u00e1rez, Oax., 10 de mayo de 2020.- La&hellip;<\/p>\n","protected":false},"author":2,"featured_media":12197,"comment_status":"closed","ping_status":"open","sticky":false,"template":"","format":"standard","meta":{"_lmt_disableupdate":"","_lmt_disable":"","_jetpack_memberships_contains_paid_content":false,"footnotes":""},"categories":[109,51],"tags":[1672],"class_list":["post-12196","post","type-post","status-publish","format-standard","has-post-thumbnail","hentry","category-minuto-a-minuto","category-zona-roja","tag-calcinado-tuxtepec"],"jetpack_featured_media_url":"https:\/\/zonaroja.com.mx\/wp-content\/uploads\/2020\/05\/Mata-de-Ca\u00f1a-Tuxtepec.jpg","jetpack_sharing_enabled":true,"_links":{"self":[{"href":"https:\/\/zonaroja.com.mx\/index.php?rest_route=\/wp\/v2\/posts\/12196","targetHints":{"allow":["GET"]}}],"collection":[{"href":"https:\/\/zonaroja.com.mx\/index.php?rest_route=\/wp\/v2\/posts"}],"about":[{"href":"https:\/\/zonaroja.com.mx\/index.php?rest_route=\/wp\/v2\/types\/post"}],"author":[{"embeddable":true,"href":"https:\/\/zonaroja.com.mx\/index.php?rest_route=\/wp\/v2\/users\/2"}],"replies":[{"embeddable":true,"href":"https:\/\/zonaroja.com.mx\/index.php?rest_route=%2Fwp%2Fv2%2Fcomments&post=12196"}],"version-history":[{"count":2,"href":"https:\/\/zonaroja.com.mx\/index.php?rest_route=\/wp\/v2\/posts\/12196\/revisions"}],"predecessor-version":[{"id":12199,"href":"https:\/\/zonaroja.com.mx\/index.php?rest_route=\/wp\/v2\/posts\/12196\/revisions\/12199"}],"wp:featuredmedia":[{"embeddable":true,"href":"https:\/\/zonaroja.com.mx\/index.php?rest_route=\/wp\/v2\/media\/12197"}],"wp:attachment":[{"href":"https:\/\/zonaroja.com.mx\/index.php?rest_route=%2Fwp%2Fv2%2Fmedia&parent=12196"}],"wp:term":[{"taxonomy":"category","embeddable":true,"href":"https:\/\/zonaroja.com.mx\/index.php?rest_route=%2Fwp%2Fv2%2Fcategories&post=12196"},{"taxonomy":"post_tag","embeddable":true,"href":"https:\/\/zonaroja.com.mx\/index.php?rest_route=%2Fwp%2Fv2%2Ftags&post=12196"}],"curies":[{"name":"wp","href":"https:\/\/api.w.org\/{rel}","templated":true}]}}