{"id":12203,"date":"2020-05-10T16:39:40","date_gmt":"2020-05-10T21:39:40","guid":{"rendered":"http:\/\/www.zonaroja.com.mx\/?p=12203"},"modified":"2020-05-10T16:39:43","modified_gmt":"2020-05-10T21:39:43","slug":"renuncian-dos-funcionarios-del-cobao-que-cometian-irregularidades","status":"publish","type":"post","link":"https:\/\/zonaroja.com.mx\/?p=12203","title":{"rendered":"Renuncian dos funcionarios del Cobao que comet\u00edan irregularidades"},"content":{"rendered":"\n<p>Redacci\u00f3n\/Zona\nRoja.<\/p>\n\n\n\n<p>Oaxaca de\nJu\u00e1rez, Oax., 10 de mayo de 2020.- Dos mandos medios de la direcci\u00f3n general\ndel Colegio de Bachilleres de Oaxaca (Cobajo) fueron descubiertos cometiendo\nirregularidades financieras.<\/p>\n\n\n\n<p>Tras\nello, en un acuerdo entre las partes, los involucrados aceptaron la responsabilidad\nen el desv\u00edo de recursos; aceptaron devolver el dinero y dejar su plaza\nlaboral.<\/p>\n\n\n\n<p>Se trata\nde Iv\u00e1n Velasco Hern\u00e1ndez, quien se encontraba adscrito al Departamento de\nRecursos Humanos encargado exclusivamente de los movimientos para la dispersi\u00f3n\nde los pagos de n\u00f3mina de los empleados del Cobao.<\/p>\n\n\n\n<p>Consider\u00f3\nf\u00e1cil realizar dep\u00f3sitos irregulares espec\u00edficamente a la cuenta de Alba\nGuadalupe Navarrete Arellanes, tambi\u00e9n trabajadora de base de la instituci\u00f3n,\npor variados montos. <\/p>\n\n\n\n<p>Tras\ndescubrirse el probable desfalco, se inici\u00f3 un acta circunstanciada de hechos\nel 30 de marzo pasado, en la que intervinieron el director de Administraci\u00f3n y\nFinanzas, la subdirectora de Finanzas, la Jefa del Departamento de Recursos\nFinancieros, as\u00ed como el Jefe del Departamento de Recursos Humanos.<\/p>\n\n\n\n<p>De\nacuerdo con&nbsp;las fuentes, con la finalidad de garantizar el derecho de\naudiencia de Iv\u00e1n Velasco Hern\u00e1ndez y Alba Guadalupe Nava Arellanes, el 30 de\nmarzo se les cit\u00f3 para su comparecencia en las oficinas de la Coordinaci\u00f3n\nJur\u00eddica al d\u00eda siguiente.<\/p>\n\n\n\n<p>El primero\nmanifest\u00f3 reconocer y aceptar los hechos mencionados, como es haber realizado\ndep\u00f3sitos sin conocimiento ni autorizaci\u00f3n de su jefe inmediato, a la cuenta de\nAlba Guadalupe Nava Arellanes, solicitando por ello de manera espont\u00e1nea, se\nsuscribiera un convenio en donde reconocer\u00eda su adeudo y compromiso de pago\npara reintegrar las cantidades de las que dispuso indebidamente\ncorrespondientes a los a\u00f1os 2018, 2019 y 2020.<\/p>\n\n\n\n<p>Seg\u00fan\ndatos proporcionados por el mismo Iv\u00e1n Velasco Hern\u00e1ndez al \u00e1rea jur\u00eddica, al\nrealizar un concentrado en el equipo de c\u00f3mputo que tiene a su cargo, el monto ascendi\u00f3\nen una revisi\u00f3n preliminar hasta la fecha de su comparecencia, a la cantidad de\n203 mil, 179 pesos, 14 centavos.<\/p>\n\n\n\n<p>Por su\nparte, en su comparecencia, Alba Guadalupe Nava Arellanes, se\u00f1al\u00f3 que realiz\u00f3\nla apertura de una cuenta en el Banco Santander para el dep\u00f3sito de sus pagos\nquincenales, pero a finales de 2017 solicit\u00f3 su pago en efectivo, sin dar de\nbaja la tarjeta, misma que le entreg\u00f3 por esas mismas fechas a Iv\u00e1n Velasco.<\/p>\n\n\n\n<p>Inicialmente\n\u00e9ste se la devolvi\u00f3, pero despu\u00e9s se la volvi\u00f3 a solicitar bajo presiones,\nseg\u00fan para recibir pagos que le deb\u00edan y que no pod\u00eda recibir en su tarjeta\npersonal por problemas con el banco; refiri\u00f3 que las presiones del se\u00f1or Iv\u00e1n\npara usar su tarjeta, eran porque los pagos que recib\u00eda se destinaban a cubrir\nlos alimentos del menor que procre\u00f3 con dicha persona.<\/p>\n\n\n\n<p>Sin\ncoacci\u00f3n alguna, Iv\u00e1n Velasco Hern\u00e1ndez y Alba Guadalupe Nava Arellanes,\npresentaron por convenir a sus intereses su renuncia voluntaria irrevocable, a\nlas plazas de personal de base Nivel 16 C y 4C, respectivamente, adscritos al\nDepartamento de Recursos Humanos de la Direcci\u00f3n de Administraci\u00f3n y Finanzas.<\/p>\n\n\n\n<p>Por la\nnaturaleza de los hechos, se procedi\u00f3 ante la Fiscal\u00eda General del Estado para\nla integraci\u00f3n de la carpeta de Investigaci\u00f3n respectiva, pues es necesario\nrealizar revisiones a otros ejercicios y en otras cuentas con salarios\nretenidos.<\/p>\n","protected":false},"excerpt":{"rendered":"<p>Redacci\u00f3n\/Zona Roja. Oaxaca de Ju\u00e1rez, Oax., 10 de mayo de 2020.- Dos mandos medios de&hellip;<\/p>\n","protected":false},"author":2,"featured_media":12204,"comment_status":"closed","ping_status":"open","sticky":false,"template":"","format":"standard","meta":{"_lmt_disableupdate":"","_lmt_disable":"","_jetpack_memberships_contains_paid_content":false,"footnotes":""},"categories":[109,47],"tags":[800],"class_list":["post-12203","post","type-post","status-publish","format-standard","has-post-thumbnail","hentry","category-minuto-a-minuto","category-zona-gris","tag-colegio-de-bachilleres-de-oaxaca"],"jetpack_featured_media_url":"https:\/\/zonaroja.com.mx\/wp-content\/uploads\/2020\/05\/dinero-cajeros.jpg","jetpack_sharing_enabled":true,"_links":{"self":[{"href":"https:\/\/zonaroja.com.mx\/index.php?rest_route=\/wp\/v2\/posts\/12203","targetHints":{"allow":["GET"]}}],"collection":[{"href":"https:\/\/zonaroja.com.mx\/index.php?rest_route=\/wp\/v2\/posts"}],"about":[{"href":"https:\/\/zonaroja.com.mx\/index.php?rest_route=\/wp\/v2\/types\/post"}],"author":[{"embeddable":true,"href":"https:\/\/zonaroja.com.mx\/index.php?rest_route=\/wp\/v2\/users\/2"}],"replies":[{"embeddable":true,"href":"https:\/\/zonaroja.com.mx\/index.php?rest_route=%2Fwp%2Fv2%2Fcomments&post=12203"}],"version-history":[{"count":1,"href":"https:\/\/zonaroja.com.mx\/index.php?rest_route=\/wp\/v2\/posts\/12203\/revisions"}],"predecessor-version":[{"id":12205,"href":"https:\/\/zonaroja.com.mx\/index.php?rest_route=\/wp\/v2\/posts\/12203\/revisions\/12205"}],"wp:featuredmedia":[{"embeddable":true,"href":"https:\/\/zonaroja.com.mx\/index.php?rest_route=\/wp\/v2\/media\/12204"}],"wp:attachment":[{"href":"https:\/\/zonaroja.com.mx\/index.php?rest_route=%2Fwp%2Fv2%2Fmedia&parent=12203"}],"wp:term":[{"taxonomy":"category","embeddable":true,"href":"https:\/\/zonaroja.com.mx\/index.php?rest_route=%2Fwp%2Fv2%2Fcategories&post=12203"},{"taxonomy":"post_tag","embeddable":true,"href":"https:\/\/zonaroja.com.mx\/index.php?rest_route=%2Fwp%2Fv2%2Ftags&post=12203"}],"curies":[{"name":"wp","href":"https:\/\/api.w.org\/{rel}","templated":true}]}}