{"id":12206,"date":"2020-05-10T17:26:51","date_gmt":"2020-05-10T22:26:51","guid":{"rendered":"http:\/\/www.zonaroja.com.mx\/?p=12206"},"modified":"2020-05-10T17:26:54","modified_gmt":"2020-05-10T22:26:54","slug":"gobernadores-morenistas-rebasados-por-pandemia-de-covid-19","status":"publish","type":"post","link":"https:\/\/zonaroja.com.mx\/?p=12206","title":{"rendered":"Gobernadores morenistas, rebasados por pandemia de Covid-19"},"content":{"rendered":"\n<p>Redacci\u00f3n\/Zona\nRoja Cdmx.<\/p>\n\n\n\n<p>Ciudad de\nM\u00e9xico, 10 de mayo de 2020.- Las entidades gobernadas por Morena han resultado\nineficientes para enfrentar la emergencia por Covid-19, seg\u00fan informaci\u00f3n\npublicada hoy por el diario \u201cReforma\u201d.<\/p>\n\n\n\n<p>Entre las\n10 entidades con m\u00e1s casos activos est\u00e1n la Ciudad de M\u00e9xico, Tabasco, Baja\nCalifornia, Puebla, Morelos y Veracruz, gobernadas por morenistas.<\/p>\n\n\n\n<p>Desde que\nla pandemia lleg\u00f3 a M\u00e9xico, esas entidades siguieron los pasos del Gobierno\nfederal: no aplicaron restricciones en\u00e9rgicas hasta cuando el contagio iba en\naumento en sus territorios, expone \u201cReforma\u201d.<\/p>\n\n\n\n<p>El 15 de\nmarzo, la Secretar\u00eda de Salud ya registraba 53 casos de coronavirus confirmados\ny 176 sospechosos en el Pa\u00eds.<\/p>\n\n\n\n<p>De hecho,\nrecientemente, un grupo de cient\u00edficos &#8211;especialistas de universidades y de\ninstitutos de salud&#8211;, determin\u00f3 que el contagio comunitario inici\u00f3 la segunda\nsemana de marzo, justo cuando el Presidente Andr\u00e9s Manuel L\u00f3pez Obrador y\nGobernadores realizaban actividades normales y a\u00fan no implementaban estrategias\npara enfrentar el Covid-19.<\/p>\n\n\n\n<p>Incluso,\nen Tabasco, el 16 de marzo, el Gobierno local declar\u00f3 a la entidad \u00ablibre\nde coronavirus\u00bb. Sin embargo, el Gobernador Ad\u00e1n Augusto L\u00f3pez calcula que\n\u00e9l se contagi\u00f3 el 13 de marzo, durante el D\u00eda del Notario al que asistieron m\u00e1s\nde 100 personas, y resultaron varios infectados.<\/p>\n\n\n\n<p>Para el\n22 de abril, cuando se anunci\u00f3 la fase 3, la entidad ya ocupaba el segundo\nlugar nacional en casos activos por cada 100 mil habitantes.<\/p>\n\n\n\n<p>En Baja\nCalifornia, en la tercera semana de marzo, cuando el Presidente a\u00fan llamaba a\nlos mexicanos a seguir saliendo de casa, el Gobernador Jaime Bonilla tambi\u00e9n\nped\u00eda mantener la calma y continu\u00f3 con sus giras.<\/p>\n\n\n\n<p>Este\nestado es el tercero con m\u00e1s casos activos, pues registra 2 mil 365 contagios\nacumulados y 400 fallecidos.<\/p>\n\n\n\n<p>La Ciudad\nde M\u00e9xico lidera en muertes (774) y contagios (9 mil 218) por Covid-19 a nivel\nnacional, a\u00f1ade la informaci\u00f3n del diario \u201cReforma\u201d.<\/p>\n\n\n\n<p>En\nPuebla, luego de que el Mandatario Miguel Barbosa minimiz\u00f3 la pandemia al\nasegurar que \u00ablos pobres somos inmunes al coronavirus, afecta a los\nricos\u00bb, el estado es el noveno con m\u00e1s casos. Hasta anoche ten\u00eda mil 60\ncontagiados y 149 decesos.<\/p>\n\n\n\n<p>Morelos,\nGobernado por Cuauht\u00e9moc Blanco, es la la segunda entidad con la mayor tasa de\ncontagios por cada 100 mil habitantes. Tiene 775 confirmados y 101 muertes.<\/p>\n\n\n\n<p>Situaci\u00f3n\nsimilar registra el Estado de Veracruz, con el Gobernador Cuitl\u00e1huac Garc\u00eda,\nque registra mil 155 casos de contagio, m\u00e1s de 300 en las \u00faltimas dos semanas,\ny 120 muertes.<\/p>\n","protected":false},"excerpt":{"rendered":"<p>Redacci\u00f3n\/Zona Roja Cdmx. Ciudad de M\u00e9xico, 10 de mayo de 2020.- Las entidades gobernadas por&hellip;<\/p>\n","protected":false},"author":2,"featured_media":12207,"comment_status":"closed","ping_status":"open","sticky":false,"template":"","format":"standard","meta":{"_lmt_disableupdate":"","_lmt_disable":"","_jetpack_memberships_contains_paid_content":false,"footnotes":""},"categories":[109,47],"tags":[1328],"class_list":["post-12206","post","type-post","status-publish","format-standard","has-post-thumbnail","hentry","category-minuto-a-minuto","category-zona-gris","tag-coronavirus-mexico"],"jetpack_featured_media_url":"https:\/\/zonaroja.com.mx\/wp-content\/uploads\/2020\/05\/Claudia-Sheibaum.jpg","jetpack_sharing_enabled":true,"_links":{"self":[{"href":"https:\/\/zonaroja.com.mx\/index.php?rest_route=\/wp\/v2\/posts\/12206","targetHints":{"allow":["GET"]}}],"collection":[{"href":"https:\/\/zonaroja.com.mx\/index.php?rest_route=\/wp\/v2\/posts"}],"about":[{"href":"https:\/\/zonaroja.com.mx\/index.php?rest_route=\/wp\/v2\/types\/post"}],"author":[{"embeddable":true,"href":"https:\/\/zonaroja.com.mx\/index.php?rest_route=\/wp\/v2\/users\/2"}],"replies":[{"embeddable":true,"href":"https:\/\/zonaroja.com.mx\/index.php?rest_route=%2Fwp%2Fv2%2Fcomments&post=12206"}],"version-history":[{"count":1,"href":"https:\/\/zonaroja.com.mx\/index.php?rest_route=\/wp\/v2\/posts\/12206\/revisions"}],"predecessor-version":[{"id":12208,"href":"https:\/\/zonaroja.com.mx\/index.php?rest_route=\/wp\/v2\/posts\/12206\/revisions\/12208"}],"wp:featuredmedia":[{"embeddable":true,"href":"https:\/\/zonaroja.com.mx\/index.php?rest_route=\/wp\/v2\/media\/12207"}],"wp:attachment":[{"href":"https:\/\/zonaroja.com.mx\/index.php?rest_route=%2Fwp%2Fv2%2Fmedia&parent=12206"}],"wp:term":[{"taxonomy":"category","embeddable":true,"href":"https:\/\/zonaroja.com.mx\/index.php?rest_route=%2Fwp%2Fv2%2Fcategories&post=12206"},{"taxonomy":"post_tag","embeddable":true,"href":"https:\/\/zonaroja.com.mx\/index.php?rest_route=%2Fwp%2Fv2%2Ftags&post=12206"}],"curies":[{"name":"wp","href":"https:\/\/api.w.org\/{rel}","templated":true}]}}