{"id":12209,"date":"2020-05-11T10:00:46","date_gmt":"2020-05-11T15:00:46","guid":{"rendered":"http:\/\/www.zonaroja.com.mx\/?p=12209"},"modified":"2020-05-10T20:37:08","modified_gmt":"2020-05-11T01:37:08","slug":"el-otro-lado-de-la-pandemia-educacion-a-distancia-y-violencia-intrafamiliar","status":"publish","type":"post","link":"https:\/\/zonaroja.com.mx\/?p=12209","title":{"rendered":"El otro lado de la pandemia: educaci\u00f3n a distancia y violencia intrafamiliar"},"content":{"rendered":"\n<p>Evlin\nArag\u00f3n\/Zona Roja.<\/p>\n\n\n\n<p>Oaxaca de Ju\u00e1rez, Oax., 11 de mayo de 2020.- La importancia del acceso a la informaci\u00f3n en torno al recurso que se ha destinado para hacer frente a la pandemia, la educaci\u00f3n en l\u00ednea y sus efectos, el incremento de la violencia intrafamiliar, as\u00ed como diversas cr\u00f3nicas y testimonios desde el confinamiento son parte del segundo n\u00famero de la publicaci\u00f3n oaxaque\u00f1a \u201cCuadernos de la Pandemia\u201d.<\/p>\n\n\n\n<p>Como lo\nhan hecho recientemente varias organizaciones de la sociedad civil, en la\npublicaci\u00f3n se hace evidente la necesidad de la poblaci\u00f3n de contar con la\ninformaci\u00f3n sobre la pandemia, particularmente en torno a los recursos que se\naplicar\u00e1n y la disponibilidad de hospitales, equipo y personal m\u00e9dico para dar\natenci\u00f3n.<\/p>\n\n\n\n<p>\u201cExiste\ninter\u00e9s en la ciudadan\u00eda por conocer las acciones que se realizan durante el\nperiodo de vigencia de la emergencia, pero tambi\u00e9n corresponde a las instancias\nde gobierno provocar, promover, permitir y darle direcci\u00f3n a la participaci\u00f3n\nactiva\u201d, cita el primer texto escrito por Ad\u00e1n C\u00f3rdova, que tambi\u00e9n plantea la\nrealizaci\u00f3n de un libro blanco del Covid-19 para registrar todo lo relacionado\ncon la pandemia.<\/p>\n\n\n\n<p>De forma\nparticular en estos momentos, la educaci\u00f3n a distancia ha cobrado protagonismo,\nya que mientras las aulas se encuentran vac\u00edas y las rutinas se han roto, se ha\ndado un vuelco al espacio digital en donde se llevan a cabo reuniones,\nconferencias, talleres, foro y clases de los diferentes niveles de educaci\u00f3n.<\/p>\n\n\n\n<p>Lo\nanterior, de acuerdo con Jorge Hern\u00e1ndez D\u00edaz, representa un reto para quienes\nest\u00e1n frente a grupo y para quienes conforman la clase, ya que aunque existen\nvarias plataformas para lograr la conexi\u00f3n, las y los estudiantes no siempre\ntienen las mismas condiciones de acceso a la tecnolog\u00eda, incluso en escuelas\nparticulares y de educaci\u00f3n superior. De eso y m\u00e1s reflexiona en su texto.<\/p>\n\n\n\n<p>La\ntitular de la Secretar\u00eda de las Mujeres de Oaxaca, Ana V\u00e1squez Colmenares la\nque reconocer que la violencia familiar es m\u00e1s grave que el Covid-19, lo hace a\ntrav\u00e9s de un escrito en el que refiere que el confinamiento aumenta la\nprobabilidad de que las violencias se agudicen y se vuelvan sistem\u00e1ticas, al\ntiempo que acudir por ayuda se vuelva imposible.<\/p>\n\n\n\n<p>\u201cEs muy\nduro de asumir que en el mundo y en nuestro pa\u00eds las mujeres no est\u00e1n muriendo\npor coronavirus, sino a manos de sus parejas que, lejos de comportarse como\ncompa\u00f1eros de vida, se han convertido en sus torturadores y verdugos\u201d, cita en\nsu participaci\u00f3n.<\/p>\n\n\n\n<p>En este\nsegundo n\u00famero, la edici\u00f3n cuenta con el apoyo de 18 plumas oaxaque\u00f1as que&nbsp; imparten experiencias y puntos de vista sobre\nlo que ocurre en la entidad en torno a los efectos del coronavirus y donde se\nencuentran Ad\u00e1n C\u00f3rdova Trujillo, Samael Hern\u00e1ndez Ruiz, Carlos Sorroza Polo,\nIsidoro Yescas Mart\u00ednez, Cipriano Flores Cruz y Rom\u00e1n Montes Santiago.<\/p>\n\n\n\n<p>De igual\nforma participan Guadalupe R\u00edos L\u00f3pez, Juan Arturo Barrita Ortiz, Rogelio\nVargas Garfias, Guadalupe Thomas, Jorge Hern\u00e1ndez D\u00edaz, Mar\u00eda Concepci\u00f3n\nVillalobos L\u00f3pez, Felipe Mart\u00ednez L\u00f3pez, Pedro Sosa Guti\u00e9rrez, Ad\u00e1n Pacheco\nRam\u00edrez, Bartolom\u00e9 Rodolfo Navarro Jim\u00e9nez, Prometeo S\u00e1nchez Islas, Ana Isabel\nV\u00e1squez Colmenares, Flavio Sosa y F\u00e9lix Reyes.<\/p>\n\n\n\n<p>\u201cCuadernos\nde la Pandemia\u201d, es el proyecto editorial digital con el que un grupo de periodistas,\nprofesionistas y personas vinculadas a la academia oaxaque\u00f1a, compartir\u00e1n\nvivencias personales y colectivas en torno al Covid-19, as\u00ed como analizar\u00e1n lo\nque lo ocurre en la entidad con relaci\u00f3n a las decisiones gubernamentales y las\nreacciones de la sociedad.<\/p>\n","protected":false},"excerpt":{"rendered":"<p>Evlin Arag\u00f3n\/Zona Roja. Oaxaca de Ju\u00e1rez, Oax., 11 de mayo de 2020.- La importancia del&hellip;<\/p>\n","protected":false},"author":2,"featured_media":12210,"comment_status":"closed","ping_status":"open","sticky":false,"template":"","format":"standard","meta":{"_lmt_disableupdate":"","_lmt_disable":"","_jetpack_memberships_contains_paid_content":false,"footnotes":""},"categories":[109,46],"tags":[1655],"class_list":["post-12209","post","type-post","status-publish","format-standard","has-post-thumbnail","hentry","category-minuto-a-minuto","category-zona-blanca","tag-cuadernos-de-la-pandemia"],"jetpack_featured_media_url":"https:\/\/zonaroja.com.mx\/wp-content\/uploads\/2020\/05\/IMG_9264.jpg","jetpack_sharing_enabled":true,"_links":{"self":[{"href":"https:\/\/zonaroja.com.mx\/index.php?rest_route=\/wp\/v2\/posts\/12209","targetHints":{"allow":["GET"]}}],"collection":[{"href":"https:\/\/zonaroja.com.mx\/index.php?rest_route=\/wp\/v2\/posts"}],"about":[{"href":"https:\/\/zonaroja.com.mx\/index.php?rest_route=\/wp\/v2\/types\/post"}],"author":[{"embeddable":true,"href":"https:\/\/zonaroja.com.mx\/index.php?rest_route=\/wp\/v2\/users\/2"}],"replies":[{"embeddable":true,"href":"https:\/\/zonaroja.com.mx\/index.php?rest_route=%2Fwp%2Fv2%2Fcomments&post=12209"}],"version-history":[{"count":2,"href":"https:\/\/zonaroja.com.mx\/index.php?rest_route=\/wp\/v2\/posts\/12209\/revisions"}],"predecessor-version":[{"id":12212,"href":"https:\/\/zonaroja.com.mx\/index.php?rest_route=\/wp\/v2\/posts\/12209\/revisions\/12212"}],"wp:featuredmedia":[{"embeddable":true,"href":"https:\/\/zonaroja.com.mx\/index.php?rest_route=\/wp\/v2\/media\/12210"}],"wp:attachment":[{"href":"https:\/\/zonaroja.com.mx\/index.php?rest_route=%2Fwp%2Fv2%2Fmedia&parent=12209"}],"wp:term":[{"taxonomy":"category","embeddable":true,"href":"https:\/\/zonaroja.com.mx\/index.php?rest_route=%2Fwp%2Fv2%2Fcategories&post=12209"},{"taxonomy":"post_tag","embeddable":true,"href":"https:\/\/zonaroja.com.mx\/index.php?rest_route=%2Fwp%2Fv2%2Ftags&post=12209"}],"curies":[{"name":"wp","href":"https:\/\/api.w.org\/{rel}","templated":true}]}}