{"id":12213,"date":"2020-05-11T09:00:34","date_gmt":"2020-05-11T14:00:34","guid":{"rendered":"http:\/\/www.zonaroja.com.mx\/?p=12213"},"modified":"2020-05-11T06:53:33","modified_gmt":"2020-05-11T11:53:33","slug":"alas-de-socorro-una-bendicion-aerea-en-el-combate-del-covid-19-en-oaxaca","status":"publish","type":"post","link":"https:\/\/zonaroja.com.mx\/?p=12213","title":{"rendered":"\u201cAlas de Socorro\u201d, una bendici\u00f3n a\u00e9rea en el combate del Covid-19 en Oaxaca"},"content":{"rendered":"\n<p>Evlin\nArag\u00f3n\/Zona Roja.<\/p>\n\n\n\n<p>Oaxaca de\nJu\u00e1rez, Oax., 11 de mayo de 2020.- Ni la m\u00e1s compleja orograf\u00eda de Oaxaca ni la\npandemia que azota al mundo en estos momentos, impide que \u201cAlas de Socorro\u201d,\nasociaci\u00f3n civil sin fines de lucro, cumpla con su labor de trasladar v\u00eda \u00e1rea\npacientes, v\u00edveres, recursos y personas en zonas de dif\u00edcil acceso en la\nentidad oaxaque\u00f1a<\/p>\n\n\n\n<p>El\nCovid-19 no ha conseguido que los vuelos se suspendan; por el contrario, el\nequipo de la peque\u00f1a compa\u00f1\u00eda de aviaci\u00f3n se ha dado a la tarea de trasladar\nmaterial m\u00e9dico y de bioseguridad que permita hacer frente a la emergencia\nsanitaria.<\/p>\n\n\n\n<p>Loma\nBonita y Puerto Escondido han sido las localidades beneficiadas recientemente\npor los pilotos misioneros que sin importar las complicaciones han decidido\naportar su granito de arena, acortando tiempo y distancia para la urgente\nentrega de material m\u00e9dico en estos momentos. <\/p>\n\n\n\n<p>\u201cNuevamente trasladamos material m\u00e9dico y de bioseguridad esta vez a Loma Bonita. Agradecemos a nuestro capit\u00e1n Amos Grijalva Mart\u00ednez y a todo el equipo por su servicio y colaboraci\u00f3n\u201d, publicaron recientemente en sus redes sociales.<\/p>\n\n\n\n<figure class=\"wp-block-image\"><img decoding=\"async\" width=\"512\" height=\"341\" src=\"http:\/\/www.zonaroja.com.mx\/wp-content\/uploads\/2020\/05\/Alas-del-Socorro-3.jpg\" alt=\"\" class=\"wp-image-12214\" srcset=\"https:\/\/zonaroja.com.mx\/wp-content\/uploads\/2020\/05\/Alas-del-Socorro-3.jpg 512w, https:\/\/zonaroja.com.mx\/wp-content\/uploads\/2020\/05\/Alas-del-Socorro-3-300x200.jpg 300w, https:\/\/zonaroja.com.mx\/wp-content\/uploads\/2020\/05\/Alas-del-Socorro-3-263x175.jpg 263w\" sizes=\"(max-width: 512px) 100vw, 512px\" \/><\/figure>\n\n\n\n<p>Sabedores\nde que el material m\u00e9dico es de vital importancia para el personal de salud en\nestos momentos han decidido no parar sus actividades y por el contrario se han\npropuesto contribuir con el traslado de los paquetes, cumpliendo con todas\nmedidas de seguridad implementadas por las autoridades estatales y federales.<\/p>\n\n\n\n<p>\u201cGracias\na Dios por \u2018Alas De Socorro\u2019 AC porque son de bendici\u00f3n para nuestros paisanos\ndel Istmo\u201d, \u201cMi admiraci\u00f3n siempre por ustedes por tan hermosa labor. Dios los\nbendiga mucho m\u00e1s de lo que ustedes bendicen a las personas\u201d, refieren algunos\nde los mensajes que acompa\u00f1an las im\u00e1genes de la labor que realizan en estos\nmomentos de contingencia.<\/p>\n\n\n\n<p>\u201cPrestando\nalas para salvar vidas\u201d, es el mensaje que acompa\u00f1a a todas sus publicaciones\nde traslados a\u00e9reos, por medio de las cuales evidencian que contin\u00faan siendo\naliados de las mujeres embarazadas, al disponer de la unidad para el traslado\nde \u00e9stas, con la intenci\u00f3n de evitar complicaciones de salud y con ello la\nmuerte materna, como lo hicieron desde el 2008 con el aval de la Secretar\u00eda de\nSalud en Oaxaca.<\/p>\n\n\n\n<p>Iniciaron\nsu labor de primera cuenta en localidades como Santiago Amoltepec, Santa Cruz\nZenzontepec, San Jacinto Tlacotepec, Santo Domingo Teojomulco, San Lorenzo Texmelucan\ny San Mateo Yucutindoo, pertenecientes a la Sierra Sur y despu\u00e9s el apoyo se\nextendi\u00f3 a otras regiones.<\/p>\n\n\n\n<p>El pasado mes de marzo acudieron a Ciudad Ixtepec para realizar el traslado de una reci\u00e9n nacida, previamente viajaron a Puerto Escondido en apoyo de una mujer de 32 a\u00f1os de edad con complicaciones tras el parto y en el mes de febrero dos pacientes m\u00e1s con complicaciones en el embarazo fueron trasladadas de Huatulco a la capital para recibir atenci\u00f3n m\u00e9dica.<\/p>\n\n\n\n<figure class=\"wp-block-image\"><img decoding=\"async\" width=\"616\" height=\"347\" src=\"http:\/\/www.zonaroja.com.mx\/wp-content\/uploads\/2020\/05\/Alas-del-Socorro-2.jpg\" alt=\"\" class=\"wp-image-12215\" srcset=\"https:\/\/zonaroja.com.mx\/wp-content\/uploads\/2020\/05\/Alas-del-Socorro-2.jpg 616w, https:\/\/zonaroja.com.mx\/wp-content\/uploads\/2020\/05\/Alas-del-Socorro-2-300x169.jpg 300w, https:\/\/zonaroja.com.mx\/wp-content\/uploads\/2020\/05\/Alas-del-Socorro-2-585x330.jpg 585w\" sizes=\"(max-width: 616px) 100vw, 616px\" \/><\/figure>\n\n\n\n<p>Cada uno\nde estos traslados recibe decenas de reconocimientos y bendiciones a trav\u00e9s de\nsus redes sociales en donde aplauden la labor que realizan desde hace d\u00e9cadas\nen la entidad.<\/p>\n\n\n\n<p>Menci\u00f3n\naparte merece la labor que realizan en Santiago Amoltepec, municipio ubicado en\nla Sierra Sur, en donde adem\u00e1s de brindar el servicio de transporte a\u00e9reo &#8211;debido\na las complicaciones de acceso en la zona&#8211; realizan jornadas m\u00e9dicas y\ndentales con cierta regularidad en apoyo a las y los habitantes de la localidad\nque no cuentan con infraestructura hospitalaria.<\/p>\n\n\n\n<p>Todo lo anterior lo hacen con cuotas de recuperaci\u00f3n m\u00ednimas para la poblaci\u00f3n, mismas que permita el mantenimiento de las unidades y la adquisici\u00f3n de combustible para realizar los viajes que muchas veces se llevan a cabo en coordinaci\u00f3n con autoridades estatales, principalmente del Salud, para el traslado de pacientes con serias complicaciones. Hay cientos, quiz\u00e1 miles, de testimonios que dan cuenta de las bendiciones desde el aire, por parte de \u201cAlas del Socorro\u201d, a lo largo de seis d\u00e9cadas.<\/p>\n","protected":false},"excerpt":{"rendered":"<p>Evlin Arag\u00f3n\/Zona Roja. Oaxaca de Ju\u00e1rez, Oax., 11 de mayo de 2020.- Ni la m\u00e1s&hellip;<\/p>\n","protected":false},"author":2,"featured_media":12216,"comment_status":"closed","ping_status":"open","sticky":false,"template":"","format":"standard","meta":{"_lmt_disableupdate":"","_lmt_disable":"","_jetpack_memberships_contains_paid_content":false,"footnotes":""},"categories":[109,46],"tags":[1674],"class_list":["post-12213","post","type-post","status-publish","format-standard","has-post-thumbnail","hentry","category-minuto-a-minuto","category-zona-blanca","tag-alas-del-socorro-asociacion-civil"],"jetpack_featured_media_url":"https:\/\/zonaroja.com.mx\/wp-content\/uploads\/2020\/05\/Alas-del-Socorro-1.jpeg","jetpack_sharing_enabled":true,"_links":{"self":[{"href":"https:\/\/zonaroja.com.mx\/index.php?rest_route=\/wp\/v2\/posts\/12213","targetHints":{"allow":["GET"]}}],"collection":[{"href":"https:\/\/zonaroja.com.mx\/index.php?rest_route=\/wp\/v2\/posts"}],"about":[{"href":"https:\/\/zonaroja.com.mx\/index.php?rest_route=\/wp\/v2\/types\/post"}],"author":[{"embeddable":true,"href":"https:\/\/zonaroja.com.mx\/index.php?rest_route=\/wp\/v2\/users\/2"}],"replies":[{"embeddable":true,"href":"https:\/\/zonaroja.com.mx\/index.php?rest_route=%2Fwp%2Fv2%2Fcomments&post=12213"}],"version-history":[{"count":1,"href":"https:\/\/zonaroja.com.mx\/index.php?rest_route=\/wp\/v2\/posts\/12213\/revisions"}],"predecessor-version":[{"id":12217,"href":"https:\/\/zonaroja.com.mx\/index.php?rest_route=\/wp\/v2\/posts\/12213\/revisions\/12217"}],"wp:featuredmedia":[{"embeddable":true,"href":"https:\/\/zonaroja.com.mx\/index.php?rest_route=\/wp\/v2\/media\/12216"}],"wp:attachment":[{"href":"https:\/\/zonaroja.com.mx\/index.php?rest_route=%2Fwp%2Fv2%2Fmedia&parent=12213"}],"wp:term":[{"taxonomy":"category","embeddable":true,"href":"https:\/\/zonaroja.com.mx\/index.php?rest_route=%2Fwp%2Fv2%2Fcategories&post=12213"},{"taxonomy":"post_tag","embeddable":true,"href":"https:\/\/zonaroja.com.mx\/index.php?rest_route=%2Fwp%2Fv2%2Ftags&post=12213"}],"curies":[{"name":"wp","href":"https:\/\/api.w.org\/{rel}","templated":true}]}}