{"id":12233,"date":"2020-05-11T10:02:39","date_gmt":"2020-05-11T15:02:39","guid":{"rendered":"http:\/\/www.zonaroja.com.mx\/?p=12233"},"modified":"2020-05-11T10:02:41","modified_gmt":"2020-05-11T15:02:41","slug":"en-juchitan-hasta-la-vestimenta-tradicional-se-roban-sin-pistas-de-ladrones","status":"publish","type":"post","link":"https:\/\/zonaroja.com.mx\/?p=12233","title":{"rendered":"En Juchit\u00e1n, hasta la vestimenta tradicional se roban; sin pistas de ladrones"},"content":{"rendered":"\n<p>Evlin\nArag\u00f3n\/Zona Roja.<\/p>\n\n\n\n<p>Oaxaca de\nJu\u00e1rez, Oax., 11 de mayo de 2020.- En Juchit\u00e1n de Zaragoza no solamente hay\nasesinatos y asaltos a transe\u00fantes y tiendas de manera cotidiana, sino ahora\ntambi\u00e9n de ropa tradicional.<\/p>\n\n\n\n<p>La\npandemia por Covid-19 ha obligado a cientos y miles de personas a resguardarse\nen sus viviendas para evitar el contagio masivo del virus y con ello el colapso\nde los servicios de salud.<\/p>\n\n\n\n<p>Sin\nembargo, la delincuencia no ha parado en la entidad y por el contrario aumenta\nen perjuicio de la poblaci\u00f3n m\u00e1s vulnerable en estos momentos.<\/p>\n\n\n\n<p>Alrededor\nde 66 huipiles de cadenilla de un golpe, 10 huipiles de cadenilla sencilla, cuatro\nhuipiles de tres cadenillas tupidas, huipiles de gui\u00e9 galahui (flor en medio),\nentre otras prendas, m\u00e1s fueron hurtadas este fin de semana al interior de unos\nde los establecimientos ubicados al interior mercado \u201c5 de Septiembre\u201d ubicado\nen el centro de Juchit\u00e1n.<\/p>\n\n\n\n<p>As\u00ed lo\ndieron a conocer comerciantes a trav\u00e9s de las redes sociales, en donde\nexplicaron que sin importar la contingencia sanitaria, amantes de lo ajeno\ningresaron al puesto \u201cNa\u2019 Cecilia\u201d y se llevaron m\u00e1s de 80 trajes regionales,\nparte del patrimonio de una familia que por seguir las instrucciones sanitarias\nno hab\u00eda salido a vender para evitar los contagios masivos.<\/p>\n\n\n\n<p>\u201cAmigos,\ncon profunda tristeza les quiero dar a conocer que en estos d\u00edas de pandemia,\nque mi mam\u00e1 no ha ido a vender por seguir instrucciones sanitarias y por cuidar\nnuestra salud, nos robaron\u201d, cita el mensaje escrito por Yamil\u00e9 Matus.<\/p>\n\n\n\n<p>La joven\nrefiere que nuevamente se enfrentaron a la delincuencia en la localidad, que\nsigue al alza y donde gente sin escr\u00fapulos se aprovecha de la vulnerabilidad de\nlas personas y les quita lo que con mucho esfuerzo han adquirido.<\/p>\n\n\n\n<p>\u201cVaciaron\nun puesto entero, se llevaron much\u00edsima mercanc\u00eda, mercanc\u00eda que mi madre con\ntodo su esfuerzo ten\u00eda, est\u00e1bamos luchando contra no ir a vender, sin embargo,\nnos result\u00f3 peor\u201d, refiere, a la par que pide a sus contacto compartir la\ndenuncia a fin de presionar a las autoridades pero sobre todo a que en la zona\nno compren mercanc\u00eda robada.<\/p>\n\n\n\n<p>La\npublicaci\u00f3n en Facebook fue compartida m\u00e1s de nueve mil veces y cuenta con 700\nmensajes en los que la poblaci\u00f3n demuestra su solidaridad, mientras que la\nfamilia lamenta que no exista ley ni autoridad que pueda con la delincuencia en\nel municipio que no en vano ha sido se\u00f1alado como los \u201cfocos rojos\u201d en diversos\ndelitos en la entidad.<\/p>\n\n\n\n<p>\u201cLes pido\nde todo coraz\u00f3n que me ayuden a compartir, compartan, que se sepa que aqu\u00ed no\nhay ley, que tristemente en Juchit\u00e1n que tanto amo y que tanto me ha dado la delincuencia\nes m\u00e1s que la solidaridad\u201d, a\u00f1ade.<\/p>\n\n\n\n<p>Pese a lo\nanterior y en medio de la tragedia, el personal de los puestos Na\u2019 Cecilia se\nha propuesto no rendirse y salir adelante, por lo que han anunciado la venta en\nl\u00ednea y por pedido de los trajes t\u00edpicos, los cuales se pueden enviar incluso\nal extranjero si as\u00ed se requiere.<\/p>\n\n\n\n<p>Para ello\nhay que contactar la p\u00e1gina de Facebook \u201cPuestos NaCecilia\u201d para solicitar con\nanticipaci\u00f3n el modelo deseado -que ser\u00e1 elaborado en la regi\u00f3n- y prepararse\npara recibirlo hasta la puerta de casa. \u201cPorque Puestos Na\u2019 Cecilia saldr\u00e1 de\nesta, seguimos en pie\u201d, concluyen las publicaciones.<\/p>\n","protected":false},"excerpt":{"rendered":"<p>Evlin Arag\u00f3n\/Zona Roja. Oaxaca de Ju\u00e1rez, Oax., 11 de mayo de 2020.- En Juchit\u00e1n de&hellip;<\/p>\n","protected":false},"author":2,"featured_media":12234,"comment_status":"closed","ping_status":"open","sticky":false,"template":"","format":"standard","meta":{"_lmt_disableupdate":"","_lmt_disable":"","_jetpack_memberships_contains_paid_content":false,"footnotes":""},"categories":[109,47],"tags":[123],"class_list":["post-12233","post","type-post","status-publish","format-standard","has-post-thumbnail","hentry","category-minuto-a-minuto","category-zona-gris","tag-juchitan-de-zaragoza"],"jetpack_featured_media_url":"https:\/\/zonaroja.com.mx\/wp-content\/uploads\/2020\/05\/IMG_9554.jpg","jetpack_sharing_enabled":true,"_links":{"self":[{"href":"https:\/\/zonaroja.com.mx\/index.php?rest_route=\/wp\/v2\/posts\/12233","targetHints":{"allow":["GET"]}}],"collection":[{"href":"https:\/\/zonaroja.com.mx\/index.php?rest_route=\/wp\/v2\/posts"}],"about":[{"href":"https:\/\/zonaroja.com.mx\/index.php?rest_route=\/wp\/v2\/types\/post"}],"author":[{"embeddable":true,"href":"https:\/\/zonaroja.com.mx\/index.php?rest_route=\/wp\/v2\/users\/2"}],"replies":[{"embeddable":true,"href":"https:\/\/zonaroja.com.mx\/index.php?rest_route=%2Fwp%2Fv2%2Fcomments&post=12233"}],"version-history":[{"count":1,"href":"https:\/\/zonaroja.com.mx\/index.php?rest_route=\/wp\/v2\/posts\/12233\/revisions"}],"predecessor-version":[{"id":12235,"href":"https:\/\/zonaroja.com.mx\/index.php?rest_route=\/wp\/v2\/posts\/12233\/revisions\/12235"}],"wp:featuredmedia":[{"embeddable":true,"href":"https:\/\/zonaroja.com.mx\/index.php?rest_route=\/wp\/v2\/media\/12234"}],"wp:attachment":[{"href":"https:\/\/zonaroja.com.mx\/index.php?rest_route=%2Fwp%2Fv2%2Fmedia&parent=12233"}],"wp:term":[{"taxonomy":"category","embeddable":true,"href":"https:\/\/zonaroja.com.mx\/index.php?rest_route=%2Fwp%2Fv2%2Fcategories&post=12233"},{"taxonomy":"post_tag","embeddable":true,"href":"https:\/\/zonaroja.com.mx\/index.php?rest_route=%2Fwp%2Fv2%2Ftags&post=12233"}],"curies":[{"name":"wp","href":"https:\/\/api.w.org\/{rel}","templated":true}]}}