{"id":12237,"date":"2020-05-11T14:48:13","date_gmt":"2020-05-11T19:48:13","guid":{"rendered":"http:\/\/www.zonaroja.com.mx\/?p=12237"},"modified":"2020-05-11T14:48:15","modified_gmt":"2020-05-11T19:48:15","slug":"en-riesgo-salud-mental-de-familiares-de-victimas-de-covid-19","status":"publish","type":"post","link":"https:\/\/zonaroja.com.mx\/?p=12237","title":{"rendered":"En riesgo salud mental de familiares de v\u00edctimas de Covid-19"},"content":{"rendered":"\n<p>Redacci\u00f3n\/Zona\nRoja.<\/p>\n\n\n\n<p>Oaxaca de\nJu\u00e1rez, Oax., 11 de mayo de 2020.- El Gobierno del Estado, a trav\u00e9s de los\nServicios de Salud de Oaxaca, debe dise\u00f1ar un programa espec\u00edfico desde la\nsalud mental gratuito de apoyo al duelo y otras necesidades de las familias de\nlos deudos por Covid-19, ello con la finalidad de que se les acompa\u00f1e en este\ntrance, con especial \u00e9nfasis en los ni\u00f1os y ni\u00f1as.<\/p>\n\n\n\n<p>As\u00ed lo\npropone la diputada local Magaly L\u00f3pez Dom\u00ednguez, en un exhorto presentado a la\nDiputaci\u00f3n Permanente de la 64 Legislatura local, a fin de que sea analizado y\nen su caso aprobado por el pleno.<\/p>\n\n\n\n<p>Detall\u00f3\nque hablar de la muerte en Oaxaca es sin\u00f3nimo de diversas muestras de\nsincretismo, ya que en un estado pluricultural, los ritos f\u00fanebres pueden ir\ndesde un rezo, novenarios, adem\u00e1s de rituales que incluyen m\u00fasica de banda,\nacompa\u00f1amiento de los seres queridos.<\/p>\n\n\n\n<p>Sin\nembargo, en el contexto actual de contingencia por Covid-19, el panorama es\ndistinto debido a las disposiciones realizadas por las autoridades en salud,\nsituaci\u00f3n que podr\u00eda tener repercusiones en la salud mental de los familiares,\nal enfrentar un duelo de esta naturaleza, a\u00f1adi\u00f3<\/p>\n\n\n\n<p>Puntualiz\u00f3 que, aunque la Secretar\u00eda de Salud federal emiti\u00f3 los Lineamientos de Respuesta y de Acci\u00f3n en Salud Mental y Adicciones para el Apoyo Psicosocial durante la Pandemia por Covid-19 en M\u00e9xico, \u201cen el contexto oaxaque\u00f1o superar el duelo en estas condiciones de distanciamiento social implicar\u00eda un reto complejo, pues nuestro estado est\u00e1 inmerso entre un sincretismo.<\/p>\n\n\n\n<figure class=\"wp-block-image\"><img decoding=\"async\" width=\"1024\" height=\"683\" src=\"http:\/\/www.zonaroja.com.mx\/wp-content\/uploads\/2019\/09\/Magaly-L\u00f3pez-3-1024x683.jpg\" alt=\"\" class=\"wp-image-4167\" srcset=\"https:\/\/zonaroja.com.mx\/wp-content\/uploads\/2019\/09\/Magaly-L\u00f3pez-3-1024x683.jpg 1024w, https:\/\/zonaroja.com.mx\/wp-content\/uploads\/2019\/09\/Magaly-L\u00f3pez-3-300x200.jpg 300w, https:\/\/zonaroja.com.mx\/wp-content\/uploads\/2019\/09\/Magaly-L\u00f3pez-3-768x512.jpg 768w, https:\/\/zonaroja.com.mx\/wp-content\/uploads\/2019\/09\/Magaly-L\u00f3pez-3-1170x781.jpg 1170w, https:\/\/zonaroja.com.mx\/wp-content\/uploads\/2019\/09\/Magaly-L\u00f3pez-3-585x390.jpg 585w, https:\/\/zonaroja.com.mx\/wp-content\/uploads\/2019\/09\/Magaly-L\u00f3pez-3-263x175.jpg 263w, https:\/\/zonaroja.com.mx\/wp-content\/uploads\/2019\/09\/Magaly-L\u00f3pez-3.jpg 1280w\" sizes=\"(max-width: 1024px) 100vw, 1024px\" \/><\/figure>\n\n\n\n<p>\u201cEs\nimportante que los familiares reciban ayuda para cerrar el ciclo que supone el\nhecho de haber podido acompa\u00f1ar a su ser querido en los \u00faltimos momentos de la\nenfermedad en el hospital y no pueden elaborar un duelo porque en muchos casos,\nno hay un ritual funerario del que puedan participar, no hay una ceremonia\nfuneraria, y en el peor de los casos nunca van a ver el cuerpo\u201d, expuso.<\/p>\n\n\n\n<p>De\nacuerdo con el exhorto presentado por la legisladora del Partido Morena,\ntambi\u00e9n es necesario realizar campa\u00f1as informativas respecto a los cuidados y\nrecomendaciones para la celebraci\u00f3n de los rituales o ceremonias f\u00fanebres de\ninhumaci\u00f3n tanto para las personas que hayan fallecido por Covid-19.<\/p>\n\n\n\n<p>As\u00ed&nbsp; como para aquellas que hayan muerto por\ncualquier otra enfermedad, dichas campa\u00f1as tendr\u00e1n que tomar en cuenta las\nnecesidades y las medidas que hayan tomado las comunidades ind\u00edgenas en torno a\nla protecci\u00f3n de contagios en sus territorios.<\/p>\n\n\n\n<p>Respecto\na este \u00faltimo punto, la diputada Magaly L\u00f3pez manifest\u00f3 que se debe brindar\ninformaci\u00f3n a la poblaci\u00f3n en general sobre la realizaci\u00f3n de ritos o\nceremonias de exhumaci\u00f3n.<\/p>\n\n\n\n<p>Ello en\nvirtud de que el Gobierno Federal aconseja evitar la realizaci\u00f3n de estos actos\nque conlleven reuniones o aglomeraciones de personas en contacto con el cuerpo\nsiguiendo los lineamientos de la Jornada de Sana Distancia. <\/p>\n\n\n\n<p>En caso\nde realizarse, se recomienda sea menor de cuatro horas, con f\u00e9retro cerrado y\ncon menos de 20 personas siempre y cuando el espacio pueda asegurar una sana\ndistancia.<\/p>\n\n\n\n<p>Sin\nembargo, a nivel estatal no existe informaci\u00f3n clara al respecto, pues en\nalgunas comunidades se han prohibido las ceremonias de inhumaci\u00f3n argumentando\nque hay una prohibici\u00f3n del gobierno estatal para su realizaci\u00f3n.<\/p>\n","protected":false},"excerpt":{"rendered":"<p>Redacci\u00f3n\/Zona Roja. Oaxaca de Ju\u00e1rez, Oax., 11 de mayo de 2020.- El Gobierno del Estado,&hellip;<\/p>\n","protected":false},"author":2,"featured_media":12238,"comment_status":"closed","ping_status":"open","sticky":false,"template":"","format":"standard","meta":{"_lmt_disableupdate":"","_lmt_disable":"","_jetpack_memberships_contains_paid_content":false,"footnotes":""},"categories":[109,46],"tags":[192],"class_list":["post-12237","post","type-post","status-publish","format-standard","has-post-thumbnail","hentry","category-minuto-a-minuto","category-zona-blanca","tag-diputada-magaly-lopez-dominguez"],"jetpack_featured_media_url":"https:\/\/zonaroja.com.mx\/wp-content\/uploads\/2020\/05\/Familiares-coronavitus.jpg","jetpack_sharing_enabled":true,"_links":{"self":[{"href":"https:\/\/zonaroja.com.mx\/index.php?rest_route=\/wp\/v2\/posts\/12237","targetHints":{"allow":["GET"]}}],"collection":[{"href":"https:\/\/zonaroja.com.mx\/index.php?rest_route=\/wp\/v2\/posts"}],"about":[{"href":"https:\/\/zonaroja.com.mx\/index.php?rest_route=\/wp\/v2\/types\/post"}],"author":[{"embeddable":true,"href":"https:\/\/zonaroja.com.mx\/index.php?rest_route=\/wp\/v2\/users\/2"}],"replies":[{"embeddable":true,"href":"https:\/\/zonaroja.com.mx\/index.php?rest_route=%2Fwp%2Fv2%2Fcomments&post=12237"}],"version-history":[{"count":1,"href":"https:\/\/zonaroja.com.mx\/index.php?rest_route=\/wp\/v2\/posts\/12237\/revisions"}],"predecessor-version":[{"id":12239,"href":"https:\/\/zonaroja.com.mx\/index.php?rest_route=\/wp\/v2\/posts\/12237\/revisions\/12239"}],"wp:featuredmedia":[{"embeddable":true,"href":"https:\/\/zonaroja.com.mx\/index.php?rest_route=\/wp\/v2\/media\/12238"}],"wp:attachment":[{"href":"https:\/\/zonaroja.com.mx\/index.php?rest_route=%2Fwp%2Fv2%2Fmedia&parent=12237"}],"wp:term":[{"taxonomy":"category","embeddable":true,"href":"https:\/\/zonaroja.com.mx\/index.php?rest_route=%2Fwp%2Fv2%2Fcategories&post=12237"},{"taxonomy":"post_tag","embeddable":true,"href":"https:\/\/zonaroja.com.mx\/index.php?rest_route=%2Fwp%2Fv2%2Ftags&post=12237"}],"curies":[{"name":"wp","href":"https:\/\/api.w.org\/{rel}","templated":true}]}}