{"id":12240,"date":"2020-05-11T16:00:13","date_gmt":"2020-05-11T21:00:13","guid":{"rendered":"http:\/\/www.zonaroja.com.mx\/?p=12240"},"modified":"2020-05-11T16:00:15","modified_gmt":"2020-05-11T21:00:15","slug":"denuncian-desabasto-de-productos-y-aumento-de-precios-en-tiendas-diconsa","status":"publish","type":"post","link":"https:\/\/zonaroja.com.mx\/?p=12240","title":{"rendered":"Denuncian desabasto de productos y aumento de precios en tiendas Diconsa"},"content":{"rendered":"\n<p>Evlin\nArag\u00f3n\/Zona Roja.<\/p>\n\n\n\n<p>Oaxaca de\nJu\u00e1rez, Oax., 11 de mayo de 2020.- Integrantes de la Uni\u00f3n Estatal de Consejos\nComunitarios de Abasto denunciaron que en plena contingencia sanitaria por\nCovid-19, existe una importante ausencia de productos b\u00e1sicos en tiendas\nDiconsa-Segalmex, adem\u00e1s de que los precios no son los m\u00e1s bajos en el mercado\nen este momento, como lo divulgan.<\/p>\n\n\n\n<p>En\nconferencia de prensa, Jos\u00e9 Luis Mor\u00e1n Ram\u00edrez, uno de los representantes de la\nUni\u00f3n, explic\u00f3 que las dos mil 332 tiendas abiertas en estos momentos cuentan\ncon desabasto de productos b\u00e1sicos como el ma\u00edz, el cual no alcanza para la\namplia necesidad que se vive en estos momentos en las zonas rurales de la\nentidad.<\/p>\n\n\n\n<p>Mientras que los precios que manejan las tiendas comunitarias est\u00e1n por arriba del que tienen otros establecimientos comerciales, lo cual ha sido comprobado mediante tickets que se han dado a conocer a las autoridades de Diconsa, encabezadas en Oaxaca por Jos\u00e9 Federico Castro L\u00f3pez, quien no ha hecho nada al respecto.<\/p>\n\n\n\n<figure class=\"wp-block-embed-twitter wp-block-embed is-type-rich is-provider-twitter\"><div class=\"wp-block-embed__wrapper\">\n<div class=\"twitter-tweet\"><blockquote class=\"twitter-tweet\" data-lang=\"es\"><p lang=\"es\" dir=\"ltr\"><a href=\"https:\/\/twitter.com\/hashtag\/OaxacaGris?src=hash&amp;ref_src=twsrc%5Etfw\">#OaxacaGris<\/a><br>(1) Los alimentos no est\u00e1n llegando a las comunidades; la situaci\u00f3n de la pandemia ha dejado mayor pobreza; la gente est\u00e1 desesperada; los programas federales como <a href=\"https:\/\/twitter.com\/SegalmexDiconsa?ref_src=twsrc%5Etfw\">@SegalmexDiconsa<\/a>, en vez de bajar precios, los sube, denuncian Consejos Comunitarios. <a href=\"https:\/\/t.co\/0aaTotaEm6\">pic.twitter.com\/0aaTotaEm6<\/a><\/p>&mdash; Zona Roja Oaxaca (@MexRoja) <a href=\"https:\/\/twitter.com\/MexRoja\/status\/1259925037357895684?ref_src=twsrc%5Etfw\">11 de mayo de 2020<\/a><\/blockquote><\/div>\n<\/div><\/figure>\n\n\n\n<p>\u201cLa gente\nall\u00e1 en las comunidades se encuentra ya desesperada porque no tiene c\u00f3mo darle\nde comer a sus familias y el programa Diconsa que es federal en vez de mantener\no bajar sus precios los est\u00e1 subiendo. Un ejemplo la semana pasada el arroz\nestaba a 13 pesos y ahora ya est\u00e1 a 18, el az\u00facar lo tenemos a 21.50 pesos\ncuando en otros lados lo conseguimos a 17.80\u201d, explic\u00f3.<\/p>\n\n\n\n<p>Pese a\nello el titular de la dependencia en Oaxaca mantiene un discurso que no\ncorresponde a la realidad que se vive en las comunidades y en donde cada d\u00eda es\nm\u00e1s dif\u00edcil acceder al alimento debido a la escasez y altos costos de los\nproductos, ello sin importar que en estos momentos de pandemia mundial sea\nmayormente necesario el respaldo del Gobierno de Oaxaca.<\/p>\n\n\n\n<p>\u201cEl\ngobierno dice qu\u00e9date en casa, no salgas para evitar el contagio masivo de\nCovid-19 pero hasta el momento no he escuchado que diga ah\u00ed les va este apoyo\npara que puedan adquirir alimentos que es principal objetivo\u201d, dijo.<\/p>\n\n\n\n<p>Por el\ncontrario, cuentan con evidencia de que la gente ya se pelea por lo poco de\nma\u00edz que llegue a las tiendas, lo que ha provocado incluso que algunos\nencargados de los establecimientos ya quieren renunciar o cerrar por la\ninconformidad que ha generado el desabasto y el alza de precios.<\/p>\n\n\n\n<p>As\u00ed mismo\ny aunque de forma menor, la Uni\u00f3n de Consejos Comunitarias tambi\u00e9n se ha\nenfrentado a los cercos sanitarios que se han instalado en varias comunidades\nal interior del estado, que impiden el acceso para evitar el contagio masivo\npor Covid-19. <\/p>\n\n\n\n<p>PRESENTAN\nPROPUESTAS<\/p>\n\n\n\n<p>Por lo\nanterior y de forma coordinada han presentado una serie de propuestas y\nacciones que conforman un programa para combatir el hambre en comunidades ind\u00edgenas\ncon mayores carencias, las cuales incluso han sido avaladas por integrantes del\nCongreso local y \u00fanicamente est\u00e1n a la espera de que sean autorizadas por el gobierno\nestatal.<\/p>\n\n\n\n<p>Se trata\ndel abasto de alimentos a las \u00e1reas suburbanas de las principales ciudades de\nla entidad, que incluya la asignaci\u00f3n de 15 veh\u00edculos para habilitar las\ntiendas m\u00f3viles y llegar a las personas que menos tienen; as\u00ed como aportar el\n50 por ciento del costo de los productos de la canasta b\u00e1sica, recurso que\nser\u00eda directamente administrado por Diconsa para evitar el mal uso de recursos.<\/p>\n\n\n\n<p>De igual forma, plantean reactivar el programa de producci\u00f3n de traspatio con 25 mil paquetes de aves de postura y hortalizas que permitan a las personas producir su propio alimento; y finalmente implementar un programa para que Segalmex-Diconsa pueda adquirir las cosechas locales de productos de la canasta b\u00e1sica, ello sin tantos requerimientos y requisitos.<\/p>\n\n\n\n<figure class=\"wp-block-embed-twitter wp-block-embed is-type-rich is-provider-twitter\"><div class=\"wp-block-embed__wrapper\">\n<div class=\"twitter-tweet\"><blockquote class=\"twitter-tweet\" data-lang=\"es\"><p lang=\"es\" dir=\"ltr\"><a href=\"https:\/\/twitter.com\/hashtag\/OaxacaGris?src=hash&amp;ref_src=twsrc%5Etfw\">#OaxacaGris<\/a><br>(1) Los alimentos no est\u00e1n llegando a las comunidades; la situaci\u00f3n de la pandemia ha dejado mayor pobreza; la gente est\u00e1 desesperada; los programas federales como <a href=\"https:\/\/twitter.com\/SegalmexDiconsa?ref_src=twsrc%5Etfw\">@SegalmexDiconsa<\/a>, en vez de bajar precios, los sube, denuncian Consejos Comunitarios. <a href=\"https:\/\/t.co\/0aaTotaEm6\">pic.twitter.com\/0aaTotaEm6<\/a><\/p>&mdash; Zona Roja Oaxaca (@MexRoja) <a href=\"https:\/\/twitter.com\/MexRoja\/status\/1259925037357895684?ref_src=twsrc%5Etfw\">11 de mayo de 2020<\/a><\/blockquote><\/div>\n<\/div><\/figure>\n\n\n\n<p>\u201cNo hemos\nrecibido respuesta por parte del Gobierno de Oaxaca, pero no dudamos de que sean\nrespuestas favorables para que el beneficio llegue a las comunidades que se\nencuentran desesperadas, en estos momentos, para obtener algo que comer\u201d, dijo\nMor\u00e1n Ram\u00edrez.<\/p>\n\n\n\n<p>Finalmente,\npropusieron una reuni\u00f3n con el director general de Diconsa, Ignacio Ovalle,\npara tratar el tema de desabasto y el alza de precios que se vive en estos\nmomentos de emergencia, cuando tendr\u00edan que existir procesos m\u00e1s solidarios\npara la poblaci\u00f3n que actualmente ya pelea por el acceso al alimento.<\/p>\n\n\n\n<p>\u201cEsperamos\nque esta informaci\u00f3n llegue al gobernador Alejandro Murat y que puedan dar\nrespuestas puntuales a las personas que en estos momentos de verdad ya la est\u00e1n\npasando mal por la contigencia sanitaria\u201d, concluyeron.<\/p>\n","protected":false},"excerpt":{"rendered":"<p>Evlin Arag\u00f3n\/Zona Roja. Oaxaca de Ju\u00e1rez, Oax., 11 de mayo de 2020.- Integrantes de la&hellip;<\/p>\n","protected":false},"author":2,"featured_media":12241,"comment_status":"closed","ping_status":"open","sticky":false,"template":"","format":"standard","meta":{"_lmt_disableupdate":"","_lmt_disable":"","_jetpack_memberships_contains_paid_content":false,"footnotes":""},"categories":[109,47],"tags":[1675],"class_list":["post-12240","post","type-post","status-publish","format-standard","has-post-thumbnail","hentry","category-minuto-a-minuto","category-zona-gris","tag-diconsa-segalmex"],"jetpack_featured_media_url":"https:\/\/zonaroja.com.mx\/wp-content\/uploads\/2020\/05\/Diconsa-Segalmex.png","jetpack_sharing_enabled":true,"_links":{"self":[{"href":"https:\/\/zonaroja.com.mx\/index.php?rest_route=\/wp\/v2\/posts\/12240","targetHints":{"allow":["GET"]}}],"collection":[{"href":"https:\/\/zonaroja.com.mx\/index.php?rest_route=\/wp\/v2\/posts"}],"about":[{"href":"https:\/\/zonaroja.com.mx\/index.php?rest_route=\/wp\/v2\/types\/post"}],"author":[{"embeddable":true,"href":"https:\/\/zonaroja.com.mx\/index.php?rest_route=\/wp\/v2\/users\/2"}],"replies":[{"embeddable":true,"href":"https:\/\/zonaroja.com.mx\/index.php?rest_route=%2Fwp%2Fv2%2Fcomments&post=12240"}],"version-history":[{"count":1,"href":"https:\/\/zonaroja.com.mx\/index.php?rest_route=\/wp\/v2\/posts\/12240\/revisions"}],"predecessor-version":[{"id":12242,"href":"https:\/\/zonaroja.com.mx\/index.php?rest_route=\/wp\/v2\/posts\/12240\/revisions\/12242"}],"wp:featuredmedia":[{"embeddable":true,"href":"https:\/\/zonaroja.com.mx\/index.php?rest_route=\/wp\/v2\/media\/12241"}],"wp:attachment":[{"href":"https:\/\/zonaroja.com.mx\/index.php?rest_route=%2Fwp%2Fv2%2Fmedia&parent=12240"}],"wp:term":[{"taxonomy":"category","embeddable":true,"href":"https:\/\/zonaroja.com.mx\/index.php?rest_route=%2Fwp%2Fv2%2Fcategories&post=12240"},{"taxonomy":"post_tag","embeddable":true,"href":"https:\/\/zonaroja.com.mx\/index.php?rest_route=%2Fwp%2Fv2%2Ftags&post=12240"}],"curies":[{"name":"wp","href":"https:\/\/api.w.org\/{rel}","templated":true}]}}