{"id":12243,"date":"2020-05-11T16:22:53","date_gmt":"2020-05-11T21:22:53","guid":{"rendered":"http:\/\/www.zonaroja.com.mx\/?p=12243"},"modified":"2020-05-11T16:22:56","modified_gmt":"2020-05-11T21:22:56","slug":"rechaza-la-scjn-la-ley-bonilla-de-baja-california","status":"publish","type":"post","link":"https:\/\/zonaroja.com.mx\/?p=12243","title":{"rendered":"Rechaza la SCJN la \u201cLey Bonilla\u201d de Baja California"},"content":{"rendered":"\n<p>Redacci\u00f3n\/Zona\nRoja.<\/p>\n\n\n\n<p>Ciudad de\nM\u00e9xico, 11 de mayo de 2020.- Por unanimidad, la Suprema Corte de Justicia de la\nNaci\u00f3n (SCJN), declar\u00f3 inconstitucional la llamada \u00abLey Bonilla\u00bb, que\nhabr\u00eda permitido que el actual gobernador de Baja California, Jaime Bonilla\nValdez, ejerciera el poder por cinco a\u00f1os, y no s\u00f3lo por los dos para los que\nfue electo.<\/p>\n\n\n\n<p>La\nmayor\u00eda de los ministros se refirieron a la \u00abLey Bonilla\u00bb como un\nfraude a la Constituci\u00f3n, a la ley y a la voluntad popular.<\/p>\n\n\n\n<p>El\nministro ponente, Fernando Franco, argument\u00f3 que los ciudadanos al momento de\nvotar deben tener la certeza de para qu\u00e9 cargo y por cu\u00e1nto tiempo eligen a sus\nrepresentantes, y esto no ocurri\u00f3 en el caso.<\/p>\n\n\n\n<p>Por ello,\napunt\u00f3 el ministro Juan Luis Gonz\u00e1lez Alc\u00e1ntara Carranc\u00e1, se violent\u00f3 el\nprincipio de certeza jur\u00eddica al alargar el periodo de gobierno una vez que ya\nhab\u00eda sido electo el gobernador.<\/p>\n\n\n\n<p>A su vez,\nel ministro Alfredo Guti\u00e9rrez Ortiz Mena advirti\u00f3 que la \u201cLey Bonilla\u201d era\npr\u00e1cticamente una reelecci\u00f3n, lo que se\u00f1al\u00f3 \u201ctiene una potente carga hist\u00f3rica\u201d\ny \u201cataca el coraz\u00f3n del sistema democr\u00e1tico.\u201d<\/p>\n\n\n\n<p>Contrario\na la costumbre, el presidente de la SCJN, Arturo Zald\u00edvar, hizo uso de la\npalabra a la mitad, y no al final del debate, para fijar su postura, donde\nafirm\u00f3 que la \u201cLey Bonilla\u201d fue una maquinaci\u00f3n por la cual se pretendi\u00f3 violar\nla voluntad popular.<\/p>\n\n\n\n<p>La\nministra Norma Luc\u00eda Pi\u00f1a se sum\u00f3 a la mayor\u00eda advirtiendo que estas reformas a\nla constituci\u00f3n de Baja California son \u201cun atentado contra la democracia y\ncontra nuestra constituci\u00f3n.\u201d<\/p>\n\n\n\n<p>As\u00ed, sin\nning\u00fan voto en contra y en poco m\u00e1s de dos horas, la SCJN invalid\u00f3 la \u201cLey\nBonilla\u201d y orden\u00f3, como efectos de su sentencia, que se vuelva a aplicar el\ntexto anterior de la constituci\u00f3n del estado, donde se establece que el\ngobierno de Bonilla Valdez terminar\u00e1 el 31 de octubre de 2021. <\/p>\n\n\n\n<p>(Con\ninformaci\u00f3n de \u201cLa Jornada\u201d)<\/p>\n","protected":false},"excerpt":{"rendered":"<p>Redacci\u00f3n\/Zona Roja. Ciudad de M\u00e9xico, 11 de mayo de 2020.- Por unanimidad, la Suprema Corte&hellip;<\/p>\n","protected":false},"author":2,"featured_media":12244,"comment_status":"closed","ping_status":"open","sticky":false,"template":"","format":"standard","meta":{"_lmt_disableupdate":"","_lmt_disable":"","_jetpack_memberships_contains_paid_content":false,"footnotes":""},"categories":[109,47],"tags":[1676],"class_list":["post-12243","post","type-post","status-publish","format-standard","has-post-thumbnail","hentry","category-minuto-a-minuto","category-zona-gris","tag-ley-bonilla"],"jetpack_featured_media_url":"https:\/\/zonaroja.com.mx\/wp-content\/uploads\/2020\/05\/Gobernador-Baja-California.jpg","jetpack_sharing_enabled":true,"_links":{"self":[{"href":"https:\/\/zonaroja.com.mx\/index.php?rest_route=\/wp\/v2\/posts\/12243","targetHints":{"allow":["GET"]}}],"collection":[{"href":"https:\/\/zonaroja.com.mx\/index.php?rest_route=\/wp\/v2\/posts"}],"about":[{"href":"https:\/\/zonaroja.com.mx\/index.php?rest_route=\/wp\/v2\/types\/post"}],"author":[{"embeddable":true,"href":"https:\/\/zonaroja.com.mx\/index.php?rest_route=\/wp\/v2\/users\/2"}],"replies":[{"embeddable":true,"href":"https:\/\/zonaroja.com.mx\/index.php?rest_route=%2Fwp%2Fv2%2Fcomments&post=12243"}],"version-history":[{"count":1,"href":"https:\/\/zonaroja.com.mx\/index.php?rest_route=\/wp\/v2\/posts\/12243\/revisions"}],"predecessor-version":[{"id":12245,"href":"https:\/\/zonaroja.com.mx\/index.php?rest_route=\/wp\/v2\/posts\/12243\/revisions\/12245"}],"wp:featuredmedia":[{"embeddable":true,"href":"https:\/\/zonaroja.com.mx\/index.php?rest_route=\/wp\/v2\/media\/12244"}],"wp:attachment":[{"href":"https:\/\/zonaroja.com.mx\/index.php?rest_route=%2Fwp%2Fv2%2Fmedia&parent=12243"}],"wp:term":[{"taxonomy":"category","embeddable":true,"href":"https:\/\/zonaroja.com.mx\/index.php?rest_route=%2Fwp%2Fv2%2Fcategories&post=12243"},{"taxonomy":"post_tag","embeddable":true,"href":"https:\/\/zonaroja.com.mx\/index.php?rest_route=%2Fwp%2Fv2%2Ftags&post=12243"}],"curies":[{"name":"wp","href":"https:\/\/api.w.org\/{rel}","templated":true}]}}