{"id":12249,"date":"2020-05-11T19:48:46","date_gmt":"2020-05-12T00:48:46","guid":{"rendered":"http:\/\/www.zonaroja.com.mx\/?p=12249"},"modified":"2020-05-11T19:48:49","modified_gmt":"2020-05-12T00:48:49","slug":"ambientalistas-exigen-justicia-por-el-asesinato-de-joven-biologo-oaxaqueno","status":"publish","type":"post","link":"https:\/\/zonaroja.com.mx\/?p=12249","title":{"rendered":"Ambientalistas exigen justicia por el asesinato de joven bi\u00f3logo oaxaque\u00f1o"},"content":{"rendered":"\n<p>Yuridiana\nSosa\/Zona Roja.<\/p>\n\n\n\n<p>Oaxaca de\nJu\u00e1rez, Oax.,11 de mayo de 2020.- El asesinato del joven ind\u00edgena oaxaque\u00f1o,\nEugui Roy, destacado por su defensa al medio ambiente en la Sierra Sur de\nOaxaca, conmovi\u00f3 a los defensores de la naturaleza a nivel nacional, por lo que\nexigen justicia a la Fiscal\u00eda General de Oaxaca.<\/p>\n\n\n\n<p>El premio\nnacional El Sol de Oro &#8211;el m\u00e1s antiguo del activismo ambiental&#8211;, Arturo Islas\nAllende, grab\u00f3 un video en el que demand\u00f3 a las autoridades oaxaque\u00f1as castigo\na los responsables y garantizar la labor de los defensores del medio ambiente.<\/p>\n\n\n\n<p>\u201cPerdimos\na uno de los nuestros. Desafortunadamente asesinaron a uno de los nuestros, lo\nmataron en Oaxaca\u201d, dijo el ambientalista, actor y conductor en su publicaci\u00f3n\nde este fin de semana, en referencia al homicidio contra Eugui Roy Mart\u00ednez\nP\u00e9rez, en la comunidad de Tierra Blanca, San Agust\u00edn Loxicha.<\/p>\n\n\n\n<p>Islas Allende revel\u00f3 que el joven bi\u00f3logo, de 21 a\u00f1os de edad, realizaba trabajos importantes en la Sierra Madre de M\u00e9xico respecto al descubrimiento de nuevas especies y la protecci\u00f3n del \u00e1rea. \u201cYa era un bi\u00f3logo prodigio (\u2026) estaba defendiendo duramente la Sierra Madre\u201d, destac\u00f3.<\/p>\n\n\n\n<figure class=\"wp-block-embed-twitter wp-block-embed is-type-rich is-provider-twitter\"><div class=\"wp-block-embed__wrapper\">\n<div class=\"twitter-tweet\"><blockquote class=\"twitter-tweet\" data-lang=\"es\"><p lang=\"es\" dir=\"ltr\"><a href=\"https:\/\/twitter.com\/hashtag\/OaxacaRojo?src=hash&amp;ref_src=twsrc%5Etfw\">#OaxacaRojo<\/a><br>Defensores ambientales, como el reconocido Arturo Islas Allende (<a href=\"https:\/\/twitter.com\/arturooislas?ref_src=twsrc%5Etfw\">@arturooislas<\/a>), lamentaron el asesinato de Eugui Roy y exigieron justicia al <a href=\"https:\/\/twitter.com\/GobOax?ref_src=twsrc%5Etfw\">@goboax<\/a>. La <a href=\"https:\/\/twitter.com\/FISCALIA_GobOax?ref_src=twsrc%5Etfw\">@FISCALIA_GobOax<\/a> ha guardado silencio en este caso que conmocion\u00f3 al pa\u00eds. <a href=\"https:\/\/t.co\/XB430Rl7eD\">pic.twitter.com\/XB430Rl7eD<\/a><\/p>&mdash; Zona Roja Oaxaca (@MexRoja) <a href=\"https:\/\/twitter.com\/MexRoja\/status\/1260007058662928390?ref_src=twsrc%5Etfw\">12 de mayo de 2020<\/a><\/blockquote><\/div>\n<\/div><\/figure>\n\n\n\n<p>El\nambientalista mexicano, portavoz de sus compa\u00f1eros, dijo que esperaba el apoyo\nde la sociedad para hacer viral el video para que las autoridades hagan las\ninvestigaciones correspondientes, detener a los responsables y ofrecer a los\ndefensores de la naturaleza garant\u00edas de su labor.<\/p>\n\n\n\n<p>\u201cEs ruin\ny cobarde quien matan a los defensores de la naturaleza, quienes no buscan un\nbien personal, sino luchan por un bien com\u00fan\u201d, dijo el galardonado productor.<\/p>\n\n\n\n<p>A trav\u00e9s\nde este video, agradeci\u00f3 la labor del bi\u00f3logo de Oaxaca, por su legado en su\ncorta pero importante carrera, as\u00ed como llam\u00f3 a los defensores a continuar con\nla protecci\u00f3n del medio ambiente.<\/p>\n\n\n\n<p>El jueves\npasado, sujetos desconocidos asesinaron a Eugi Roy Mart\u00ednez P\u00e9rez en su\ndomicilio ubicado en la comunidad de Tierra Blanca, Loxicha. Era estudiante del\nInstituto Tecnol\u00f3gico del Valle de Oaxaca y se dedicaba al estudio de anfibios\ny reptiles. Hab\u00eda ido a su casa para pasar la cuarentena por la contingencia\nsanitaria.<\/p>\n","protected":false},"excerpt":{"rendered":"<p>Yuridiana Sosa\/Zona Roja. Oaxaca de Ju\u00e1rez, Oax.,11 de mayo de 2020.- El asesinato del joven&hellip;<\/p>\n","protected":false},"author":2,"featured_media":12250,"comment_status":"closed","ping_status":"open","sticky":false,"template":"","format":"standard","meta":{"_lmt_disableupdate":"","_lmt_disable":"","_jetpack_memberships_contains_paid_content":false,"footnotes":""},"categories":[109,47],"tags":[1668],"class_list":["post-12249","post","type-post","status-publish","format-standard","has-post-thumbnail","hentry","category-minuto-a-minuto","category-zona-gris","tag-eugui-roy-martinez-perez"],"jetpack_featured_media_url":"https:\/\/zonaroja.com.mx\/wp-content\/uploads\/2020\/05\/Eugi-Roy.jpg","jetpack_sharing_enabled":true,"_links":{"self":[{"href":"https:\/\/zonaroja.com.mx\/index.php?rest_route=\/wp\/v2\/posts\/12249","targetHints":{"allow":["GET"]}}],"collection":[{"href":"https:\/\/zonaroja.com.mx\/index.php?rest_route=\/wp\/v2\/posts"}],"about":[{"href":"https:\/\/zonaroja.com.mx\/index.php?rest_route=\/wp\/v2\/types\/post"}],"author":[{"embeddable":true,"href":"https:\/\/zonaroja.com.mx\/index.php?rest_route=\/wp\/v2\/users\/2"}],"replies":[{"embeddable":true,"href":"https:\/\/zonaroja.com.mx\/index.php?rest_route=%2Fwp%2Fv2%2Fcomments&post=12249"}],"version-history":[{"count":1,"href":"https:\/\/zonaroja.com.mx\/index.php?rest_route=\/wp\/v2\/posts\/12249\/revisions"}],"predecessor-version":[{"id":12251,"href":"https:\/\/zonaroja.com.mx\/index.php?rest_route=\/wp\/v2\/posts\/12249\/revisions\/12251"}],"wp:featuredmedia":[{"embeddable":true,"href":"https:\/\/zonaroja.com.mx\/index.php?rest_route=\/wp\/v2\/media\/12250"}],"wp:attachment":[{"href":"https:\/\/zonaroja.com.mx\/index.php?rest_route=%2Fwp%2Fv2%2Fmedia&parent=12249"}],"wp:term":[{"taxonomy":"category","embeddable":true,"href":"https:\/\/zonaroja.com.mx\/index.php?rest_route=%2Fwp%2Fv2%2Fcategories&post=12249"},{"taxonomy":"post_tag","embeddable":true,"href":"https:\/\/zonaroja.com.mx\/index.php?rest_route=%2Fwp%2Fv2%2Ftags&post=12249"}],"curies":[{"name":"wp","href":"https:\/\/api.w.org\/{rel}","templated":true}]}}