{"id":12252,"date":"2020-05-11T19:57:32","date_gmt":"2020-05-12T00:57:32","guid":{"rendered":"http:\/\/www.zonaroja.com.mx\/?p=12252"},"modified":"2020-05-11T19:57:36","modified_gmt":"2020-05-12T00:57:36","slug":"detienen-a-presunto-responsable-pero-itzel-sigue-sin-aparecer","status":"publish","type":"post","link":"https:\/\/zonaroja.com.mx\/?p=12252","title":{"rendered":"Detienen a presunto responsable, pero Itzel sigue sin aparecer"},"content":{"rendered":"\n<p>Yuridiana\nSosa\/Zona Roja.<\/p>\n\n\n\n<p>San Juan\nBautista Tuxtepec, Oax., 11 de mayo de 2020.- A casi un mes de la desaparici\u00f3n\nde Itzel Gonz\u00e1lez, la familia no recibe novedades de la investigaci\u00f3n por parte\nde la Fiscal\u00eda General de Oaxaca.<\/p>\n\n\n\n<p>Sin\nembargo, la dependencia presumi\u00f3 de la detenci\u00f3n de un presunto responsable del\nhecho contra la joven estudiante.<\/p>\n\n\n\n<p>\u201cSe\ndetuvo a un presunto responsable, pero no hemos tenido informaci\u00f3n acerca de\nItzel\u201d, confes\u00f3 la familia este lunes para ZONA ROJA, a m\u00e1s de 48 horas de la\naprehensi\u00f3n de un hombre identificado como M.F.C.<\/p>\n\n\n\n<p>En un\nbolet\u00edn publicado este 10 de mayo, la Fiscal\u00eda General de Oaxaca dio cuenta que\ndurante la audiencia celebrado el 9 de mayo contra el imputado, su defensa\nsolicit\u00f3 la ampliaci\u00f3n del t\u00e9rmino constitucional para el 12 de mayo.<\/p>\n\n\n\n<p>Son 27\nd\u00edas desde la desaparici\u00f3n de Itzel Gonz\u00e1lez en San Juan Bautista Tuxtepec,\nvista por \u00faltima vez el pasado 14 de abril en la colonia Grajales, a pocas\ncuadras de su domicilio.<\/p>\n\n\n\n<p>\u201cLas autoridades\ndicen que esperemos y esperemos, y al final no hay soluci\u00f3n ni respuesta a\nninguna de las muchas preguntas que nos hacemos\u201d, public\u00f3 la familia de la\nestudiante de enfermer\u00eda a trav\u00e9s del perfil de Facebook que abrieron para\ndifundir la b\u00fasqueda.<\/p>\n\n\n\n<p>\u201cNo s\u00f3lo\nes Itzel, son muchas m\u00e1s que dejan un gran vac\u00edo en el coraz\u00f3n. Itzel no ser\u00e1s\nparte de las estad\u00edsticas, viva te llevaron viva te queremos, para que cumplas\ntodos esos sue\u00f1os que tienes, no pararemos hasta encontrarte\u201d, sentencian.<\/p>\n\n\n\n<p>Para su\nlocalizaci\u00f3n, sus familiares tambi\u00e9n lanzaron una petici\u00f3n de justicia a trav\u00e9s\nde la p\u00e1gina Change.org.<\/p>\n\n\n\n<p>La joven\nde 22 a\u00f1os de edad es originaria de Uxpanapa, Veracruz, pero lleg\u00f3 a la vivir a\nTuxtepec para cursar estudios profesionales en la Universidad del Papaloapan\n(UNPA).<\/p>\n","protected":false},"excerpt":{"rendered":"<p>Yuridiana Sosa\/Zona Roja. San Juan Bautista Tuxtepec, Oax., 11 de mayo de 2020.- A casi&hellip;<\/p>\n","protected":false},"author":2,"featured_media":11514,"comment_status":"closed","ping_status":"open","sticky":false,"template":"","format":"standard","meta":{"_lmt_disableupdate":"","_lmt_disable":"","_jetpack_memberships_contains_paid_content":false,"footnotes":""},"categories":[109,47],"tags":[1629],"class_list":["post-12252","post","type-post","status-publish","format-standard","has-post-thumbnail","hentry","category-minuto-a-minuto","category-zona-gris","tag-itzel-gonzalez-gonzalez"],"jetpack_featured_media_url":"https:\/\/zonaroja.com.mx\/wp-content\/uploads\/2020\/04\/IMG_5006.jpg","jetpack_sharing_enabled":true,"_links":{"self":[{"href":"https:\/\/zonaroja.com.mx\/index.php?rest_route=\/wp\/v2\/posts\/12252","targetHints":{"allow":["GET"]}}],"collection":[{"href":"https:\/\/zonaroja.com.mx\/index.php?rest_route=\/wp\/v2\/posts"}],"about":[{"href":"https:\/\/zonaroja.com.mx\/index.php?rest_route=\/wp\/v2\/types\/post"}],"author":[{"embeddable":true,"href":"https:\/\/zonaroja.com.mx\/index.php?rest_route=\/wp\/v2\/users\/2"}],"replies":[{"embeddable":true,"href":"https:\/\/zonaroja.com.mx\/index.php?rest_route=%2Fwp%2Fv2%2Fcomments&post=12252"}],"version-history":[{"count":1,"href":"https:\/\/zonaroja.com.mx\/index.php?rest_route=\/wp\/v2\/posts\/12252\/revisions"}],"predecessor-version":[{"id":12253,"href":"https:\/\/zonaroja.com.mx\/index.php?rest_route=\/wp\/v2\/posts\/12252\/revisions\/12253"}],"wp:featuredmedia":[{"embeddable":true,"href":"https:\/\/zonaroja.com.mx\/index.php?rest_route=\/wp\/v2\/media\/11514"}],"wp:attachment":[{"href":"https:\/\/zonaroja.com.mx\/index.php?rest_route=%2Fwp%2Fv2%2Fmedia&parent=12252"}],"wp:term":[{"taxonomy":"category","embeddable":true,"href":"https:\/\/zonaroja.com.mx\/index.php?rest_route=%2Fwp%2Fv2%2Fcategories&post=12252"},{"taxonomy":"post_tag","embeddable":true,"href":"https:\/\/zonaroja.com.mx\/index.php?rest_route=%2Fwp%2Fv2%2Ftags&post=12252"}],"curies":[{"name":"wp","href":"https:\/\/api.w.org\/{rel}","templated":true}]}}