{"id":12257,"date":"2020-05-11T21:32:05","date_gmt":"2020-05-12T02:32:05","guid":{"rendered":"http:\/\/www.zonaroja.com.mx\/?p=12257"},"modified":"2020-05-11T21:32:07","modified_gmt":"2020-05-12T02:32:07","slug":"otros-ocho-casos-positivos-de-covid-19-en-oaxaca-cero-defunciones","status":"publish","type":"post","link":"https:\/\/zonaroja.com.mx\/?p=12257","title":{"rendered":"Otros ocho casos positivos de Covid-19 en Oaxaca; cero defunciones"},"content":{"rendered":"\n<p>Redacci\u00f3n\/Zona\nRoja.<\/p>\n\n\n\n<p>Oaxaca de\nJu\u00e1rez, Oax. 11 de mayo de 2020.- En la entidad se registraron ocho nuevos\ncasos positivos a Covid-19, con lo que suma un total de 258 contagios; en\ntanto, en las \u00faltimas 24 horas no se registraron defunciones.<\/p>\n\n\n\n<p>De\nacuerdo con los Servicios de Salud de Oaxaca (SSO) se mantiene el n\u00famero de\ndecesos en 47.<\/p>\n\n\n\n<p>En un\ncomunicado, la dependencia expuso que del global de positivos, 134 pacientes se\nrecuperaron de la enfermedad y actualmente 77 se encuentran cursando la\npatolog\u00eda v\u00edrica.<\/p>\n\n\n\n<p>Respecto\nal panorama de hospitalizados detall\u00f3 que durante el curso de la pandemia en el\nestado, 138 personas han requerido atenci\u00f3n m\u00e9dica en los nosocomios, y 120 han\nsido pacientes ambulatorios, cursando la sintomatolog\u00eda en confinamiento\ndomiciliario, con el constante monitoreo y supervisi\u00f3n del personal m\u00e9dico.<\/p>\n\n\n\n<p>Del total\nde contagios acumulados, 125 se ubican en la Jurisdicci\u00f3n Sanitaria de Valles\nCentrales, de estos 21 son fallecimientos; en la segunda posici\u00f3n se encuentra\nla Mixteca con 40 casos, de los cuales siete son decesos; seguido por el Istmo\nde Tehuantepec con 36 positivos y seis defunciones.<\/p>\n\n\n\n<p>Asimismo,\nla zona de Tuxtepec ha notificado 33 contagios y 10 muertes; la Costa tiene un\ntotal de 19 pacientes y tres defunciones; y por \u00faltimo la Sierra (Norte) tiene\nun reporte de cinco casos, sin fallecimientos.<\/p>\n\n\n\n<p>De\nacuerdo a los datos del \u00e1rea de Epidemiolog\u00eda los casos nuevos agregados al d\u00eda\nde hoy, se localizan en cinco municipios: tres pacientes en Oaxaca de Ju\u00e1rez,\ndos en la Heroica Ciudad de Huajuapan de Le\u00f3n, y uno en Huautla de Jim\u00e9nez,\nSanta Cruz Xoxocotl\u00e1n y Santa Mar\u00eda Atzompa, respectivamente.<\/p>\n\n\n\n<p>Por otra\nparte, inform\u00f3 que esta tarde de lunes, el Hospital de la Mujer y del Ni\u00f1o,\nubicado en el municipio de San Bartolo Coyotepec, recibi\u00f3 al primer paciente\ncon Covid-19.<\/p>\n\n\n\n<p>Sin embargo,\nel nosocomio entregado a la Secretar\u00eda de la Defensa Nacional (Sedena) tiene\n120 camas censables pero s\u00f3lo 30 estar\u00edan destinadas para atender la\ncontingencia, de esta cantidad, s\u00f3lo 13 cuentan con ventilador m\u00e9dico.<\/p>\n","protected":false},"excerpt":{"rendered":"<p>Redacci\u00f3n\/Zona Roja. Oaxaca de Ju\u00e1rez, Oax. 11 de mayo de 2020.- En la entidad se&hellip;<\/p>\n","protected":false},"author":2,"featured_media":12258,"comment_status":"closed","ping_status":"open","sticky":false,"template":"","format":"standard","meta":{"_lmt_disableupdate":"","_lmt_disable":"","_jetpack_memberships_contains_paid_content":false,"footnotes":""},"categories":[109,47],"tags":[1512],"class_list":["post-12257","post","type-post","status-publish","format-standard","has-post-thumbnail","hentry","category-minuto-a-minuto","category-zona-gris","tag-coronavirus-oaxaca"],"jetpack_featured_media_url":"https:\/\/zonaroja.com.mx\/wp-content\/uploads\/2020\/05\/SSO-1-1-1.jpeg","jetpack_sharing_enabled":true,"_links":{"self":[{"href":"https:\/\/zonaroja.com.mx\/index.php?rest_route=\/wp\/v2\/posts\/12257","targetHints":{"allow":["GET"]}}],"collection":[{"href":"https:\/\/zonaroja.com.mx\/index.php?rest_route=\/wp\/v2\/posts"}],"about":[{"href":"https:\/\/zonaroja.com.mx\/index.php?rest_route=\/wp\/v2\/types\/post"}],"author":[{"embeddable":true,"href":"https:\/\/zonaroja.com.mx\/index.php?rest_route=\/wp\/v2\/users\/2"}],"replies":[{"embeddable":true,"href":"https:\/\/zonaroja.com.mx\/index.php?rest_route=%2Fwp%2Fv2%2Fcomments&post=12257"}],"version-history":[{"count":1,"href":"https:\/\/zonaroja.com.mx\/index.php?rest_route=\/wp\/v2\/posts\/12257\/revisions"}],"predecessor-version":[{"id":12259,"href":"https:\/\/zonaroja.com.mx\/index.php?rest_route=\/wp\/v2\/posts\/12257\/revisions\/12259"}],"wp:featuredmedia":[{"embeddable":true,"href":"https:\/\/zonaroja.com.mx\/index.php?rest_route=\/wp\/v2\/media\/12258"}],"wp:attachment":[{"href":"https:\/\/zonaroja.com.mx\/index.php?rest_route=%2Fwp%2Fv2%2Fmedia&parent=12257"}],"wp:term":[{"taxonomy":"category","embeddable":true,"href":"https:\/\/zonaroja.com.mx\/index.php?rest_route=%2Fwp%2Fv2%2Fcategories&post=12257"},{"taxonomy":"post_tag","embeddable":true,"href":"https:\/\/zonaroja.com.mx\/index.php?rest_route=%2Fwp%2Fv2%2Ftags&post=12257"}],"curies":[{"name":"wp","href":"https:\/\/api.w.org\/{rel}","templated":true}]}}