{"id":12265,"date":"2020-05-12T08:10:07","date_gmt":"2020-05-12T13:10:07","guid":{"rendered":"http:\/\/www.zonaroja.com.mx\/?p=12265"},"modified":"2020-05-12T08:10:07","modified_gmt":"2020-05-12T13:10:07","slug":"piden-a-gobierno-transparencia-en-acciones-de-emergencia-sanitaria-en-oaxaca","status":"publish","type":"post","link":"https:\/\/zonaroja.com.mx\/?p=12265","title":{"rendered":"Piden a gobierno transparencia en acciones de emergencia sanitaria en Oaxaca"},"content":{"rendered":"\n<p>Redacci\u00f3n\/Zona Roja.<\/p>\n\n\n\n<p>Oaxaca de Ju\u00e1rez, Oax. 12 de mayo de\n2020.- El Congreso de Oaxaca plantear\u00e1 a los gobiernos estatal y municipales,\nla creaci\u00f3n de un Plan Integral de Transparencia sobre el manejo presupuestal,\na fin de cerrar el paso a la discrecionalidad y opacidad en el uso de recursos\np\u00fablicos durante la etapa de emergencia sanitaria por la Covid-19. <\/p>\n\n\n\n<p>El Punto de Acuerdo presentado por los integrantes\nde la Comisi\u00f3n Permanente de Vigilancia del Sistema Estatal de Combate a la\nCorrupci\u00f3n, indica la necesidad de que los recursos asignados para la\ncontingencia, sean ejecutados de manera r\u00e1pida y efectiva, y al mismo tiempo,\nevitar que situaciones de esta naturaleza abran paso a la arbitrariedad y\ndiscrecionalidad en las decisiones, dando lugar al uso indebido de los recursos\np\u00fablicos.<\/p>\n\n\n\n<p>Por ello, se propone establecer un plan\nintegral de transparencia en contrataciones p\u00fablicas durante el estado de\nemergencia, que contemple, entre otros rubros, la informaci\u00f3n de los bienes o\nservicios adquiridos en el procedimiento de contrataci\u00f3n, incluyendo las\nespecificaciones t\u00e9cnicas del bien, la cantidad y calidad.<\/p>\n\n\n\n<p>En ese contexto, la transparencia y la\nrendici\u00f3n de cuentas juegan un papel preponderante en la atenci\u00f3n al derecho de\nla ciudadan\u00eda a contar con informaci\u00f3n oportuna, en un lenguaje accesible y\nformato de datos abiertos, para brindar certeza sobre el origen, asignaci\u00f3n y\nejecuci\u00f3n del dinero, indica la propuesta legislativa.<\/p>\n\n\n\n<p>As\u00ed como el precio unitario y global de\nlos bienes o servicios contratados; el tipo de procedimiento de contrataci\u00f3n\nutilizado, un registro con informaci\u00f3n sobre la persona natural o jur\u00eddica con\nla que se celebr\u00f3 el contrato, informaci\u00f3n sobre los titulares de las acciones\no participaciones sociales; la justificaci\u00f3n t\u00e9cnica y econ\u00f3mica para definir\nla contrataci\u00f3n.<\/p>\n\n\n\n<p>Adem\u00e1s, la informaci\u00f3n sobre los\nrequisitos de cumplimiento del contrato, tales como fecha, lugar y condiciones\nde entrega, al igual que la entidad p\u00fablica y funcionario responsable de la\ncontrataci\u00f3n y titular de la entidad p\u00fablica que realiza la contrataci\u00f3n.<\/p>\n\n\n\n<p>La propuesta, se fundamenta en\nrecomendaciones emitidas por Transparencia Internacional y entre sus objetivos,\nse inscribe evitar un uso indebido del gasto p\u00fablico extraordinario en una\nemergencia, lo cual deriva en vulnerar los derechos de las personas a quienes\nvan destinadas la aplicaci\u00f3n de dichos recursos.<\/p>\n\n\n\n<p>En ese sentido, el presidente de la\nComisi\u00f3n, diputado Fredie Delf\u00edn Avenda\u00f1o, indic\u00f3 que el exhorto manifiesta un\nclaro inter\u00e9s en colaborar con las dependencias estatales y municipales para\ncumplir con la exigencia de la sociedad sobre el control y ejercicio de los\nrecursos para hacer frente a la pandemia y sus efectos sociales y econ\u00f3micos.<\/p>\n\n\n\n<p>La experiencia en cat\u00e1strofes\nnaturales, como los terremotos y huracanes ocurridos en la historia reciente de\nla entidad, han mostrado que, tras la tragedia de las p\u00e9rdidas humanas y\nmateriales, sobreviene la p\u00e9rdida de confianza de la ciudadan\u00eda en las\ninstituciones, ocasionada por hechos de corrupci\u00f3n, mal uso de recursos y\nnegligencia.<\/p>\n\n\n\n<p>La transparencia sobre el manejo de\nrecursos empleados durante la emergencia de salud, no implica limitar las\ncapacidades de acci\u00f3n del Estado, sino brindar m\u00e1rgenes de certeza acerca del\nuso de los recursos p\u00fablicos a la ciudadan\u00eda en su conjunto.<\/p>\n","protected":false},"excerpt":{"rendered":"<p>Redacci\u00f3n\/Zona Roja. Oaxaca de Ju\u00e1rez, Oax. 12 de mayo de 2020.- El Congreso de Oaxaca&hellip;<\/p>\n","protected":false},"author":2,"featured_media":7738,"comment_status":"closed","ping_status":"open","sticky":false,"template":"","format":"standard","meta":{"_lmt_disableupdate":"","_lmt_disable":"","_jetpack_memberships_contains_paid_content":false,"footnotes":""},"categories":[109,47],"tags":[213],"class_list":["post-12265","post","type-post","status-publish","format-standard","has-post-thumbnail","hentry","category-minuto-a-minuto","category-zona-gris","tag-64-legislatura-de-oaxaca"],"jetpack_featured_media_url":"https:\/\/zonaroja.com.mx\/wp-content\/uploads\/2020\/01\/C\u00e1mara-de-Diputados-Oax-2.jpg","jetpack_sharing_enabled":true,"_links":{"self":[{"href":"https:\/\/zonaroja.com.mx\/index.php?rest_route=\/wp\/v2\/posts\/12265","targetHints":{"allow":["GET"]}}],"collection":[{"href":"https:\/\/zonaroja.com.mx\/index.php?rest_route=\/wp\/v2\/posts"}],"about":[{"href":"https:\/\/zonaroja.com.mx\/index.php?rest_route=\/wp\/v2\/types\/post"}],"author":[{"embeddable":true,"href":"https:\/\/zonaroja.com.mx\/index.php?rest_route=\/wp\/v2\/users\/2"}],"replies":[{"embeddable":true,"href":"https:\/\/zonaroja.com.mx\/index.php?rest_route=%2Fwp%2Fv2%2Fcomments&post=12265"}],"version-history":[{"count":1,"href":"https:\/\/zonaroja.com.mx\/index.php?rest_route=\/wp\/v2\/posts\/12265\/revisions"}],"predecessor-version":[{"id":12266,"href":"https:\/\/zonaroja.com.mx\/index.php?rest_route=\/wp\/v2\/posts\/12265\/revisions\/12266"}],"wp:featuredmedia":[{"embeddable":true,"href":"https:\/\/zonaroja.com.mx\/index.php?rest_route=\/wp\/v2\/media\/7738"}],"wp:attachment":[{"href":"https:\/\/zonaroja.com.mx\/index.php?rest_route=%2Fwp%2Fv2%2Fmedia&parent=12265"}],"wp:term":[{"taxonomy":"category","embeddable":true,"href":"https:\/\/zonaroja.com.mx\/index.php?rest_route=%2Fwp%2Fv2%2Fcategories&post=12265"},{"taxonomy":"post_tag","embeddable":true,"href":"https:\/\/zonaroja.com.mx\/index.php?rest_route=%2Fwp%2Fv2%2Ftags&post=12265"}],"curies":[{"name":"wp","href":"https:\/\/api.w.org\/{rel}","templated":true}]}}