{"id":12267,"date":"2020-05-12T09:17:14","date_gmt":"2020-05-12T14:17:14","guid":{"rendered":"http:\/\/www.zonaroja.com.mx\/?p=12267"},"modified":"2020-05-12T09:17:18","modified_gmt":"2020-05-12T14:17:18","slug":"no-cesan-denuncias-de-presunta-corrupcion-en-el-hospital-civil","status":"publish","type":"post","link":"https:\/\/zonaroja.com.mx\/?p=12267","title":{"rendered":"No cesan denuncias de presunta corrupci\u00f3n en el Hospital Civil"},"content":{"rendered":"\n<p>Redacci\u00f3n\/Zona Roja.<\/p>\n\n\n\n<p>Oaxaca de Ju\u00e1rez, Oax., 12 de mayo de\n2020.- Trabajadores del Hospital General \u201cDr. Aurelio Valdivieso\u201d denunciaron\notros actos de presunta corrupci\u00f3n por parte de m\u00e9dicos sindicalizados.<\/p>\n\n\n\n<p>Uno de ellos, quien dijo llamarse Jes\u00fas\nTorres, se\u00f1al\u00f3 al dirigente de la Subsecci\u00f3n 07 del Sindicato Nacional de\nTrabajadores de la Secretar\u00eda de Salud, as\u00ed como a Aristeo Torres L\u00f3pez,\nsecretario de Organizaci\u00f3n, de beneficiarse de pagos extraordinarios.<\/p>\n\n\n\n<p>En espec\u00edfico, ser\u00edan \u201cbonos\u201d o apoyos\necon\u00f3micos por fungir como dirigentes sindicales, hasta por 40 mil pesos\nmensuales, de recursos provenientes de ingresos del Hospital Civil, por\natenciones a personas de escasos recursos econ\u00f3micos.<\/p>\n\n\n\n<p>Jes\u00fas Torres revel\u00f3 que la emisi\u00f3n del cheque no debe permitirse y acuso de actos indignantes de parte de los l\u00edderes y de las autoridades si lo siguen permitiendo, sin mayores detalles de los sucesos.<\/p>\n\n\n\n<figure class=\"wp-block-image\"><img decoding=\"async\" width=\"640\" height=\"265\" src=\"http:\/\/www.zonaroja.com.mx\/wp-content\/uploads\/2020\/05\/Image-1-56-2.png\" alt=\"\" class=\"wp-image-12269\" srcset=\"https:\/\/zonaroja.com.mx\/wp-content\/uploads\/2020\/05\/Image-1-56-2.png 640w, https:\/\/zonaroja.com.mx\/wp-content\/uploads\/2020\/05\/Image-1-56-2-300x124.png 300w, https:\/\/zonaroja.com.mx\/wp-content\/uploads\/2020\/05\/Image-1-56-2-585x242.png 585w\" sizes=\"(max-width: 640px) 100vw, 640px\" \/><\/figure>\n\n\n\n<p>Dijo que pidi\u00f3 a trav\u00e9s de la\nplataforma de transparencia gubernamental la informaci\u00f3n detallada de las\npercepciones econ\u00f3micas oficiales de los dirigentes sindicales del Hospital\nCivil.<\/p>\n\n\n\n<p>Desde hace semanas, ambos han sido\nse\u00f1alados por oponerse a los actos de las autoridades de la Secretar\u00eda de Salud\ny entorpecer los procesos m\u00e9dicos en plena contingencia sanitaria, por lo que\nel denunciante lament\u00f3 la situaci\u00f3n y explic\u00f3 que es delicado que alguien que\nno es autoridad y forme parte de un sindicato frustre el trabajo institucional.<\/p>\n\n\n\n<p>Afirm\u00f3 que ambos merecen sanciones y\nresponsabilidades, ya que \u201cno debe quedar impune\u201d.<\/p>\n\n\n\n<p>As\u00ed tambi\u00e9n, dijo que de ocultarse la\ninformaci\u00f3n presentar\u00e1 un procedimiento para que los bancos rindan un informe\nante las autoridades y con ello evidenciar y proceder incluso contra\nfuncionarios que consintieron los actos, m\u00e1s si se trata de prebendas\necon\u00f3micas y no salarios.<\/p>\n\n\n\n<p>Cabe recordar que en d\u00edas pasados se\ndio a conocer la denuncia penal que un padre de familia present\u00f3 en contra de\nAlberto V\u00e1zquez San German, por negarle la atenci\u00f3n m\u00e9dica a su menor hijo,\nquien presentaba s\u00edntomas de Covid-19 y padece S\u00edndrome de Down.<\/p>\n","protected":false},"excerpt":{"rendered":"<p>Redacci\u00f3n\/Zona Roja. Oaxaca de Ju\u00e1rez, Oax., 12 de mayo de 2020.- Trabajadores del Hospital General&hellip;<\/p>\n","protected":false},"author":2,"featured_media":12268,"comment_status":"closed","ping_status":"open","sticky":false,"template":"","format":"standard","meta":{"_lmt_disableupdate":"","_lmt_disable":"","_jetpack_memberships_contains_paid_content":false,"footnotes":""},"categories":[109,47],"tags":[1664],"class_list":["post-12267","post","type-post","status-publish","format-standard","has-post-thumbnail","hentry","category-minuto-a-minuto","category-zona-gris","tag-alberto-vasquez-san-german"],"jetpack_featured_media_url":"https:\/\/zonaroja.com.mx\/wp-content\/uploads\/2020\/05\/Image-1-59-1.png","jetpack_sharing_enabled":true,"_links":{"self":[{"href":"https:\/\/zonaroja.com.mx\/index.php?rest_route=\/wp\/v2\/posts\/12267","targetHints":{"allow":["GET"]}}],"collection":[{"href":"https:\/\/zonaroja.com.mx\/index.php?rest_route=\/wp\/v2\/posts"}],"about":[{"href":"https:\/\/zonaroja.com.mx\/index.php?rest_route=\/wp\/v2\/types\/post"}],"author":[{"embeddable":true,"href":"https:\/\/zonaroja.com.mx\/index.php?rest_route=\/wp\/v2\/users\/2"}],"replies":[{"embeddable":true,"href":"https:\/\/zonaroja.com.mx\/index.php?rest_route=%2Fwp%2Fv2%2Fcomments&post=12267"}],"version-history":[{"count":1,"href":"https:\/\/zonaroja.com.mx\/index.php?rest_route=\/wp\/v2\/posts\/12267\/revisions"}],"predecessor-version":[{"id":12270,"href":"https:\/\/zonaroja.com.mx\/index.php?rest_route=\/wp\/v2\/posts\/12267\/revisions\/12270"}],"wp:featuredmedia":[{"embeddable":true,"href":"https:\/\/zonaroja.com.mx\/index.php?rest_route=\/wp\/v2\/media\/12268"}],"wp:attachment":[{"href":"https:\/\/zonaroja.com.mx\/index.php?rest_route=%2Fwp%2Fv2%2Fmedia&parent=12267"}],"wp:term":[{"taxonomy":"category","embeddable":true,"href":"https:\/\/zonaroja.com.mx\/index.php?rest_route=%2Fwp%2Fv2%2Fcategories&post=12267"},{"taxonomy":"post_tag","embeddable":true,"href":"https:\/\/zonaroja.com.mx\/index.php?rest_route=%2Fwp%2Fv2%2Ftags&post=12267"}],"curies":[{"name":"wp","href":"https:\/\/api.w.org\/{rel}","templated":true}]}}