{"id":12274,"date":"2020-05-12T10:05:29","date_gmt":"2020-05-12T15:05:29","guid":{"rendered":"http:\/\/www.zonaroja.com.mx\/?p=12274"},"modified":"2020-05-12T10:05:32","modified_gmt":"2020-05-12T15:05:32","slug":"es-tiempo-de-justicia-para-el-periodismo-mexicano-soledad-jarquin","status":"publish","type":"post","link":"https:\/\/zonaroja.com.mx\/?p=12274","title":{"rendered":"\u201cEs tiempo de justicia para el periodismo mexicano\u201d: Soledad Jarqu\u00edn"},"content":{"rendered":"\n<p>Evlin Arag\u00f3n\/Zona Roja.<\/p>\n\n\n\n<p>Oaxaca de Ju\u00e1rez, Oax., 12 de mayo de\n2020.- \u201cSon tiempos dif\u00edciles para el ejercicio del periodismo y no debemos\nacostumbrarnos a ello\u2026 Es tiempo de justicia para el periodismo mexicano\u201d.<\/p>\n\n\n\n<p>Ese fue parte del mensaje de la\nperiodista oaxaque\u00f1a Soledad Jarqu\u00edn Edgar en el marco de la presentaci\u00f3n de la\nconvocatoria del Premio Nacional de Periodismo 2019, del cual fue designada\npresidenta del jurado calificador.<\/p>\n\n\n\n<p>\u201cEl periodismo mexicano se enfrenta a\nla violencia, pero tambi\u00e9n se enfrenta al ensanchamiento de la precariedad\nocasionada por la falta de reconocimiento de un trabajo profesional&nbsp; por el que se paga poco y que se hace sin los\nbeneficios de la seguridad social, condiciones inaceptables que no se deben\nperder de vista ni por los periodistas hombres y mujeres, ni por el resto de la\nsociedad\u201d, insisti\u00f3 la oaxaque\u00f1a representante del Consejo Ciudadano del Premio\nNacional de Periodismo.<\/p>\n\n\n\n<p>Jarqu\u00edn Edgar aprovech\u00f3 el lanzamiento\nde la convocatoria anual para cuestionar que actualmente la labor period\u00edstica\nse enfrente a retos tecnol\u00f3gicos que si bien ampliaron los horizontes\ninformativos de las y los reporteros, tambi\u00e9n exige m\u00e1s al gremio por el mismo\nsueldo, ello con graves consecuencias profesionales y personales que no son\nvistas por la sociedad que cada vez m\u00e1s recrimina la labor.<\/p>\n\n\n\n<p>As\u00ed mismo, detall\u00f3 que como desde hace a\u00f1os existe la constante tentaci\u00f3n de coartar la libertad de prensa, una tarea fundamental para el desarrollo de la sociedad libre. <\/p>\n\n\n\n<figure class=\"wp-block-embed-twitter wp-block-embed is-type-rich is-provider-twitter\"><div class=\"wp-block-embed__wrapper\">\n<div class=\"twitter-tweet\"><blockquote class=\"twitter-tweet\" data-lang=\"es\"><p lang=\"es\" dir=\"ltr\">Conoce las bases del <a href=\"https:\/\/twitter.com\/hashtag\/%C3%9Anico?src=hash&amp;ref_src=twsrc%5Etfw\">#\u00danico<\/a> <a href=\"https:\/\/twitter.com\/hashtag\/PremioNacionalDePeriodismo?src=hash&amp;ref_src=twsrc%5Etfw\">#PremioNacionalDePeriodismo<\/a> 2019. \u00a1Participa! <a href=\"https:\/\/twitter.com\/hashtag\/PNP19?src=hash&amp;ref_src=twsrc%5Etfw\">#PNP19<\/a> <a href=\"https:\/\/twitter.com\/hashtag\/CCPNP?src=hash&amp;ref_src=twsrc%5Etfw\">#CCPNP<\/a> <a href=\"https:\/\/twitter.com\/hashtag\/PNP2019?src=hash&amp;ref_src=twsrc%5Etfw\">#PNP2019<\/a> <a href=\"https:\/\/t.co\/SdY1H5A9Cr\">https:\/\/t.co\/SdY1H5A9Cr<\/a> <a href=\"https:\/\/t.co\/krYPi9jQs8\">pic.twitter.com\/krYPi9jQs8<\/a><\/p>&mdash; Periodismo Mex A.C. (@CCPNPMex) <a href=\"https:\/\/twitter.com\/CCPNPMex\/status\/1259981888736964610?ref_src=twsrc%5Etfw\">11 de mayo de 2020<\/a><\/blockquote><\/div>\n<\/div><\/figure>\n\n\n\n<p>Prueba de ello, la violencia sist\u00e9mica\na la que se enfrenta el gremio period\u00edstico, por lo que el Premio Nacional 2019\ndebe ser visto como un acto simb\u00f3lico para honrar a quienes han padecido en\ncarne propia las constantes agresiones.<\/p>\n\n\n\n<p>\u201cEs tiempo de justicia para el\nperiodismo mexicano agraviado en cada uno de los asesinatos que se han cometido\ncontra las mujeres y hombres que cumpl\u00edan con su trabajo. <\/p>\n\n\n\n<p>\u201cNo queremos conformarnos con esta\ncondici\u00f3n de falta de seguridad para el quehacer profesional period\u00edstico,\nexigimos plenitud en nuestro derecho de informar y la libertad para hacerlo\u201d,\nsentenci\u00f3 Jarqu\u00edn Edgar.<\/p>\n\n\n\n<p>Por lo anterior hizo un llamado a todo\nel gremio a participar en la convocatoria que busca premiar a lo mejor del\nperiodismo en M\u00e9xico en las categor\u00edas de: noticia, caricatura, periodismo de\ninvestigaci\u00f3n y narrativo, entrevista, opini\u00f3n y reportaje, todo con la\nconfianza y seguridad de que el jurado realizar\u00e1 una labor objetiva y sin\nning\u00fan tipo de favoritismo.<\/p>\n\n\n\n<p>La oaxaque\u00f1a preside el jurado\ncalificador del Consejo Ciudadano del Premio Nacional de Periodismo en su\ncalidad de representante de la Universidad Aut\u00f3noma \u00abBenito Ju\u00e1rez\u00bb\nde Oaxaca (UABJO), que forma parte del organismo de manera permanente y que\neste a\u00f1o propuso a la periodista, cuya trayectoria de m\u00e1s de 35 a\u00f1os en\ndiferentes medios de comunicaci\u00f3n la avalan.<\/p>\n\n\n\n<p>\u201cLa comunidad universitaria, reconoce\nel arduo trabajo y el compromiso que durante 35 a\u00f1os ha desempe\u00f1ado,\ncolaborando para diversos medios de comunicaci\u00f3n y dando voz a la condici\u00f3n\nsocial de las mujeres\u201d, refiere la m\u00e1xima casa de estudios.<\/p>\n\n\n\n<p>A la felicitaci\u00f3n se uni\u00f3 la Direcci\u00f3n de Equidad de G\u00e9nero de la UABJO, con quien la periodista ha hecho alianza para brindar capacitaciones en torno al lenguaje incluyente, con perspectiva de g\u00e9nero y feminista, al interior y exterior de la m\u00e1xima casa de estudios.<\/p>\n\n\n\n<figure class=\"wp-block-embed-twitter wp-block-embed is-type-rich is-provider-twitter\"><div class=\"wp-block-embed__wrapper\">\n<div class=\"twitter-tweet\"><blockquote class=\"twitter-tweet\" data-lang=\"es\"><p lang=\"es\" dir=\"ltr\">Conoce al <a href=\"https:\/\/twitter.com\/hashtag\/JuradoPNP?src=hash&amp;ref_src=twsrc%5Etfw\">#JuradoPNP<\/a> del <a href=\"https:\/\/twitter.com\/hashtag\/%C3%9Anico?src=hash&amp;ref_src=twsrc%5Etfw\">#\u00danico<\/a> <a href=\"https:\/\/twitter.com\/hashtag\/PremioNacionalDePeriodismo?src=hash&amp;ref_src=twsrc%5Etfw\">#PremioNacionalDePeriodismo<\/a> 2019. \u00a1Participa! <a href=\"https:\/\/twitter.com\/hashtag\/PNP19?src=hash&amp;ref_src=twsrc%5Etfw\">#PNP19<\/a> <a href=\"https:\/\/twitter.com\/hashtag\/CCPNP?src=hash&amp;ref_src=twsrc%5Etfw\">#CCPNP<\/a> <a href=\"https:\/\/twitter.com\/hashtag\/PNP2019?src=hash&amp;ref_src=twsrc%5Etfw\">#PNP2019<\/a> <a href=\"https:\/\/t.co\/V6OZ98pFu5\">pic.twitter.com\/V6OZ98pFu5<\/a><\/p>&mdash; Periodismo Mex A.C. (@CCPNPMex) <a href=\"https:\/\/twitter.com\/CCPNPMex\/status\/1260002192754425856?ref_src=twsrc%5Etfw\">12 de mayo de 2020<\/a><\/blockquote><\/div>\n<\/div><\/figure>\n","protected":false},"excerpt":{"rendered":"<p>Evlin Arag\u00f3n\/Zona Roja. Oaxaca de Ju\u00e1rez, Oax., 12 de mayo de 2020.- \u201cSon tiempos dif\u00edciles&hellip;<\/p>\n","protected":false},"author":2,"featured_media":12275,"comment_status":"closed","ping_status":"open","sticky":false,"template":"","format":"standard","meta":{"_lmt_disableupdate":"","_lmt_disable":"","_jetpack_memberships_contains_paid_content":false,"footnotes":""},"categories":[109,46],"tags":[1678,1105],"class_list":["post-12274","post","type-post","status-publish","format-standard","has-post-thumbnail","hentry","category-minuto-a-minuto","category-zona-blanca","tag-premio-nacional-de-periodismo","tag-soledad-jarquin-edgar"],"jetpack_featured_media_url":"https:\/\/zonaroja.com.mx\/wp-content\/uploads\/2020\/05\/Soledad-Jarqu\u00edn.jpg","jetpack_sharing_enabled":true,"_links":{"self":[{"href":"https:\/\/zonaroja.com.mx\/index.php?rest_route=\/wp\/v2\/posts\/12274","targetHints":{"allow":["GET"]}}],"collection":[{"href":"https:\/\/zonaroja.com.mx\/index.php?rest_route=\/wp\/v2\/posts"}],"about":[{"href":"https:\/\/zonaroja.com.mx\/index.php?rest_route=\/wp\/v2\/types\/post"}],"author":[{"embeddable":true,"href":"https:\/\/zonaroja.com.mx\/index.php?rest_route=\/wp\/v2\/users\/2"}],"replies":[{"embeddable":true,"href":"https:\/\/zonaroja.com.mx\/index.php?rest_route=%2Fwp%2Fv2%2Fcomments&post=12274"}],"version-history":[{"count":1,"href":"https:\/\/zonaroja.com.mx\/index.php?rest_route=\/wp\/v2\/posts\/12274\/revisions"}],"predecessor-version":[{"id":12276,"href":"https:\/\/zonaroja.com.mx\/index.php?rest_route=\/wp\/v2\/posts\/12274\/revisions\/12276"}],"wp:featuredmedia":[{"embeddable":true,"href":"https:\/\/zonaroja.com.mx\/index.php?rest_route=\/wp\/v2\/media\/12275"}],"wp:attachment":[{"href":"https:\/\/zonaroja.com.mx\/index.php?rest_route=%2Fwp%2Fv2%2Fmedia&parent=12274"}],"wp:term":[{"taxonomy":"category","embeddable":true,"href":"https:\/\/zonaroja.com.mx\/index.php?rest_route=%2Fwp%2Fv2%2Fcategories&post=12274"},{"taxonomy":"post_tag","embeddable":true,"href":"https:\/\/zonaroja.com.mx\/index.php?rest_route=%2Fwp%2Fv2%2Ftags&post=12274"}],"curies":[{"name":"wp","href":"https:\/\/api.w.org\/{rel}","templated":true}]}}