{"id":12280,"date":"2020-05-12T13:17:34","date_gmt":"2020-05-12T18:17:34","guid":{"rendered":"http:\/\/www.zonaroja.com.mx\/?p=12280"},"modified":"2020-05-12T13:17:38","modified_gmt":"2020-05-12T18:17:38","slug":"lopez-obrador-emula-a-felipe-calderon-y-militariza-el-pais","status":"publish","type":"post","link":"https:\/\/zonaroja.com.mx\/?p=12280","title":{"rendered":"L\u00f3pez Obrador emula a Felipe Calder\u00f3n y militariza el pa\u00eds"},"content":{"rendered":"\n<p>Redacci\u00f3n\/Zona Roja Cdmx.<\/p>\n\n\n\n<p>Ciudad de M\u00e9xico, 12 de mayo de 2020.-\nComo lo hizo Felipe Calder\u00f3n Hinojosa en su sexenio, el Presidente de M\u00e9xico,\nAndr\u00e9s Manuel L\u00f3pez Obrador, firm\u00f3 un decreto para que el Ej\u00e9rcito Mexicano\nsalga a las calles a realizar tareas de seguridad y combate al crimen\norganizado.<\/p>\n\n\n\n<p>El\nordenamiento fue publicado ayer lunes en el Diario Oficial de la Federaci\u00f3n, por\nel cual se mandata que Ej\u00e9rcito y Marina Armada funcionen como auxiliar de la\nGuardia Nacional.<\/p>\n\n\n\n<p>\u201cSe ordena a\nla Fuerza Armada permanente a participar de manera extraordinaria, regulada,\nfiscalizada, subordinada y complementaria con la Guardia Nacional en las\nfunciones de seguridad p\u00fablica a cargo de \u00e9sta \u00faltima\u201d, dice el documento.<\/p>\n\n\n\n<p>La\nparticipaci\u00f3n del Ej\u00e9rcito se fundamenta en el art\u00edculo quinto transitorio de\nla reforma constitucional mediante la cual se posibilit\u00f3 la creaci\u00f3n de la\nGuardia Nacional, y que permite al Presidente disponer de los militares en este\ntipo de tareas, en tanto la Guardia Nacional fortalece su estructura.<\/p>\n\n\n\n<p>Las actividades\nen las que participan militares y marinos van desde prevenci\u00f3n del delito,\nrestablecimiento del orden y detenci\u00f3n de personas, hasta preservaci\u00f3n de\nescenas del crimen, operativos conjuntos, y apoyo en desastres naturales, entre\notras actividades.<\/p>\n\n\n\n<p>La publicaci\u00f3n\ndel decreto, vigente desde hoy y hasta el 27 de marzo de 2024, llega cuando el\npa\u00eds atraviesa un pico de violencia; mientras que en 2018, el promedio de\nhomicidios diarios era de 94.9, en 2019 cerr\u00f3 con 97.5 registros al d\u00eda.<\/p>\n","protected":false},"excerpt":{"rendered":"<p>Redacci\u00f3n\/Zona Roja Cdmx. Ciudad de M\u00e9xico, 12 de mayo de 2020.- Como lo hizo Felipe&hellip;<\/p>\n","protected":false},"author":2,"featured_media":12281,"comment_status":"closed","ping_status":"open","sticky":false,"template":"","format":"standard","meta":{"_lmt_disableupdate":"","_lmt_disable":"","_jetpack_memberships_contains_paid_content":false,"footnotes":""},"categories":[109,47],"tags":[143],"class_list":["post-12280","post","type-post","status-publish","format-standard","has-post-thumbnail","hentry","category-minuto-a-minuto","category-zona-gris","tag-andres-manuel-lopez-obrador"],"jetpack_featured_media_url":"https:\/\/zonaroja.com.mx\/wp-content\/uploads\/2020\/05\/AMLO-Ej\u00e9rcito.jpg","jetpack_sharing_enabled":true,"_links":{"self":[{"href":"https:\/\/zonaroja.com.mx\/index.php?rest_route=\/wp\/v2\/posts\/12280","targetHints":{"allow":["GET"]}}],"collection":[{"href":"https:\/\/zonaroja.com.mx\/index.php?rest_route=\/wp\/v2\/posts"}],"about":[{"href":"https:\/\/zonaroja.com.mx\/index.php?rest_route=\/wp\/v2\/types\/post"}],"author":[{"embeddable":true,"href":"https:\/\/zonaroja.com.mx\/index.php?rest_route=\/wp\/v2\/users\/2"}],"replies":[{"embeddable":true,"href":"https:\/\/zonaroja.com.mx\/index.php?rest_route=%2Fwp%2Fv2%2Fcomments&post=12280"}],"version-history":[{"count":1,"href":"https:\/\/zonaroja.com.mx\/index.php?rest_route=\/wp\/v2\/posts\/12280\/revisions"}],"predecessor-version":[{"id":12282,"href":"https:\/\/zonaroja.com.mx\/index.php?rest_route=\/wp\/v2\/posts\/12280\/revisions\/12282"}],"wp:featuredmedia":[{"embeddable":true,"href":"https:\/\/zonaroja.com.mx\/index.php?rest_route=\/wp\/v2\/media\/12281"}],"wp:attachment":[{"href":"https:\/\/zonaroja.com.mx\/index.php?rest_route=%2Fwp%2Fv2%2Fmedia&parent=12280"}],"wp:term":[{"taxonomy":"category","embeddable":true,"href":"https:\/\/zonaroja.com.mx\/index.php?rest_route=%2Fwp%2Fv2%2Fcategories&post=12280"},{"taxonomy":"post_tag","embeddable":true,"href":"https:\/\/zonaroja.com.mx\/index.php?rest_route=%2Fwp%2Fv2%2Ftags&post=12280"}],"curies":[{"name":"wp","href":"https:\/\/api.w.org\/{rel}","templated":true}]}}