{"id":12283,"date":"2020-05-12T15:07:12","date_gmt":"2020-05-12T20:07:12","guid":{"rendered":"http:\/\/www.zonaroja.com.mx\/?p=12283"},"modified":"2020-05-12T15:07:14","modified_gmt":"2020-05-12T20:07:14","slug":"tuxtepec-con-el-10-46-pacientes-covid-19-contagios-en-30-asentamientos","status":"publish","type":"post","link":"https:\/\/zonaroja.com.mx\/?p=12283","title":{"rendered":"Tuxtepec con el 10. 46 % pacientes Covid-19; contagios en 30 asentamientos"},"content":{"rendered":"\n<p>Yuridiana Sosa\/Zona Roja.<\/p>\n\n\n\n<p>San Juan Baustita Tuxtepec, Oax.- En el\ntranscurso de 23 d\u00edas, el municipio de San Juan Bautista Tuxtepec acumul\u00f3 el\n10.46 por ciento del total de casos de Covid-19 en Oaxaca; esa cifra representa\nel 81.8 por ciento de los casos en la regi\u00f3n Cuenca, al corte de este 11 de\nmayo.<\/p>\n\n\n\n<p>Datos de los Servicios de Salud de\nOaxaca (SSO) revelan que de las 60 pruebas realizada en la Jurisdicci\u00f3n\nSanitaria n\u00famero 03, en la Cuenca, el 55 por ciento de los casos resultaron\npositivos, es decir 33, de los cuales 27 se sit\u00faan en el municipio de Tuxtepec.<\/p>\n\n\n\n<p>El resto de los contagios se\ndistribuyen en los municipios de Loma Bonita con dos casos, en San Jos\u00e9\nChiltepec uno; San Miguel Soyaltepec con dos y en San Lucas Ojitl\u00e1n, uno.<\/p>\n\n\n\n<p>Las autoridades sanitarias del estado y\nmunicipales de Tuxtepec precisaron que las personas infectadas se concentran en\nla zona urbana, donde 17 colonias han sido afectadas con el registro de entre\nuno y dos pacientes.<\/p>\n\n\n\n<p>As\u00ed tambi\u00e9n, cuatro casos se\nlocalizaron en pacientes con residencia en tres agencias municipales, como son\nMac\u00edn Chico con tres casos, Buenos Aires Apompo uno y Santa Teresa un caso m\u00e1s.<\/p>\n\n\n\n<p>Sobre las cifras de defunciones, el\nmunicipio de Tuxtepec tambi\u00e9n destac\u00f3 en este \u00e1mbito. De las 10 defunciones\nregistradas en la Jurisdicci\u00f3n Sanitaria 03, nueve corresponden a ciudadanos de\nTuxtepec y uno de San Miguel Soyaltepec.<\/p>\n\n\n\n<p>EL RECUENTO<\/p>\n\n\n\n<p>El pasado 18 de abril, la Jurisdicci\u00f3n\nSanitaria en la Cuenca del Papaloapan dio a conocer el primer caso confirmado\nde Covid-19 en Tuxtepec; se trat\u00f3 de una mujer de 29 a\u00f1os de edad de la\ncomunidad de Mac\u00edn Chico, quien hace m\u00e1s de una semana se recuper\u00f3 y fue dada\nde alta del Hospital General de Tuxtepec, perteneciente a los Servicios de\nSalud de Oaxaca.<\/p>\n","protected":false},"excerpt":{"rendered":"<p>Yuridiana Sosa\/Zona Roja. San Juan Baustita Tuxtepec, Oax.- En el transcurso de 23 d\u00edas, el&hellip;<\/p>\n","protected":false},"author":2,"featured_media":10852,"comment_status":"closed","ping_status":"open","sticky":false,"template":"","format":"standard","meta":{"_lmt_disableupdate":"","_lmt_disable":"","_jetpack_memberships_contains_paid_content":false,"footnotes":""},"categories":[109,47],"tags":[1512],"class_list":["post-12283","post","type-post","status-publish","format-standard","has-post-thumbnail","hentry","category-minuto-a-minuto","category-zona-gris","tag-coronavirus-oaxaca"],"jetpack_featured_media_url":"https:\/\/zonaroja.com.mx\/wp-content\/uploads\/2020\/04\/Hospital-Tuxtepec-1.jpg","jetpack_sharing_enabled":true,"_links":{"self":[{"href":"https:\/\/zonaroja.com.mx\/index.php?rest_route=\/wp\/v2\/posts\/12283","targetHints":{"allow":["GET"]}}],"collection":[{"href":"https:\/\/zonaroja.com.mx\/index.php?rest_route=\/wp\/v2\/posts"}],"about":[{"href":"https:\/\/zonaroja.com.mx\/index.php?rest_route=\/wp\/v2\/types\/post"}],"author":[{"embeddable":true,"href":"https:\/\/zonaroja.com.mx\/index.php?rest_route=\/wp\/v2\/users\/2"}],"replies":[{"embeddable":true,"href":"https:\/\/zonaroja.com.mx\/index.php?rest_route=%2Fwp%2Fv2%2Fcomments&post=12283"}],"version-history":[{"count":1,"href":"https:\/\/zonaroja.com.mx\/index.php?rest_route=\/wp\/v2\/posts\/12283\/revisions"}],"predecessor-version":[{"id":12284,"href":"https:\/\/zonaroja.com.mx\/index.php?rest_route=\/wp\/v2\/posts\/12283\/revisions\/12284"}],"wp:featuredmedia":[{"embeddable":true,"href":"https:\/\/zonaroja.com.mx\/index.php?rest_route=\/wp\/v2\/media\/10852"}],"wp:attachment":[{"href":"https:\/\/zonaroja.com.mx\/index.php?rest_route=%2Fwp%2Fv2%2Fmedia&parent=12283"}],"wp:term":[{"taxonomy":"category","embeddable":true,"href":"https:\/\/zonaroja.com.mx\/index.php?rest_route=%2Fwp%2Fv2%2Fcategories&post=12283"},{"taxonomy":"post_tag","embeddable":true,"href":"https:\/\/zonaroja.com.mx\/index.php?rest_route=%2Fwp%2Fv2%2Ftags&post=12283"}],"curies":[{"name":"wp","href":"https:\/\/api.w.org\/{rel}","templated":true}]}}