{"id":12285,"date":"2020-05-12T15:18:33","date_gmt":"2020-05-12T20:18:33","guid":{"rendered":"http:\/\/www.zonaroja.com.mx\/?p=12285"},"modified":"2020-05-12T15:30:12","modified_gmt":"2020-05-12T20:30:12","slug":"critica-canacope-oaxaca-descoordinacion-de-autoridades-y-escaso-apoyo","status":"publish","type":"post","link":"https:\/\/zonaroja.com.mx\/?p=12285","title":{"rendered":"Critica Canacope Oaxaca descoordinaci\u00f3n de autoridades y escaso apoyo ante Covid"},"content":{"rendered":"\n<p>Yuridiana Sosa\/Zona Roja.<\/p>\n\n\n\n<p>Oaxaca de Ju\u00e1rez, Oax., 12 de mayo de\n2020.- Entre las autoridades estatales y municipal de Oaxaca de Ju\u00e1rez, no\nexiste coordinaci\u00f3n para enfrentar la crisis por la pandemia del coronavirus;\nasimismo, a un mes, los apoyos anunciados por el gobernador Alejandro Murat,\nfluyen lentos y son insuficientes.<\/p>\n\n\n\n<p>As\u00ed lo estableci\u00f3 la C\u00e1mara Nacional de\nComercio en Peque\u00f1o, Servicios y Turismo (Canacope-Servytur), en Oaxaca, que exigi\u00f3\nal gobierno estatal y al municipal de la capital sancionar a los comercios que\na pesar de la crisis sanitaria por la Fase 3 de Covid-19, reabrieron sus\ncomercios hace una semana en el Centro Hist\u00f3rico.<\/p>\n\n\n\n<p>El presidente de la Canacope, Salvador\nCarlos L\u00f3pez L\u00f3pez, se\u00f1al\u00f3 que cientos de comercios adheridos a la c\u00e1mara\nreservan sus actividades a pesar de la dif\u00edcil situaci\u00f3n econ\u00f3mica, en\ncumplimiento de los decretos por la contingencia, mientras que decenas m\u00e1s\nabren retando a la autoridad sin existir consecuencias.<\/p>\n\n\n\n<p>Por tal motivo, a trav\u00e9s de un mensaje\nen video, el representante de los comerciantes en desacuerdo, demand\u00f3 la\naplicaci\u00f3n de castigo a quienes convocaron a la desobediencia civil con la\nreapertura de locales, algunos sin actividades esenciales frente a la\ncontingencia.<\/p>\n\n\n\n<p>\u201cNosotros estamos cumpliendo con\ndisposiciones emitidas en los decretos, pero por otro lado estamos indignados y\npreocupados porque hay comerciantes y ciudadanos que no cumplen con las\ndisposiciones sanitarias elementales\u201d, precis\u00f3 L\u00f3pez L\u00f3pez.<\/p>\n\n\n\n<p>Destac\u00f3 que, a pesar del tiempo que\nlleva la contingencia, se nota la falta de coordinaci\u00f3n entre el Gobierno del Estado\ny el municipal de Oaxaca de Ju\u00e1rez para implementar acciones en conjunto a\nfavor de la poblaci\u00f3n.<\/p>\n\n\n\n<p>Salvador L\u00f3pez reclam\u00f3 que a m\u00e1s de un\nmes que el gobernador Alejandro Murat anunci\u00f3 los apoyos econ\u00f3micos para el\nsector comercial existe una notable \u201clentitud e ineficiencia\u201d para ejecutar\ndichos programas.<\/p>\n\n\n\n<p>En su mensaje, destac\u00f3 los altos\n\u00edndices de mortalidad por Covid-19, lo cual es preocupante frente a una\nsociedad que no guarda las medidas necesarias para bajar las cifras de\ncontagios y defunciones, as\u00ed como una autoridad tolerante al desacato.<\/p>\n\n\n\n<p>Hace una semana, decenas de\ncomerciantes, principalmente de los mercados, retomaron sus actividades con el\nargumento que no recibieron apoyos del gobierno estatal o municipal para\nsoportar la cuarentena sin ingresos.<\/p>\n","protected":false},"excerpt":{"rendered":"<p>Yuridiana Sosa\/Zona Roja. Oaxaca de Ju\u00e1rez, Oax., 12 de mayo de 2020.- Entre las autoridades&hellip;<\/p>\n","protected":false},"author":2,"featured_media":12286,"comment_status":"closed","ping_status":"open","sticky":false,"template":"","format":"standard","meta":{"_lmt_disableupdate":"","_lmt_disable":"","_jetpack_memberships_contains_paid_content":false,"footnotes":""},"categories":[109,47],"tags":[1680,1512],"class_list":["post-12285","post","type-post","status-publish","format-standard","has-post-thumbnail","hentry","category-minuto-a-minuto","category-zona-gris","tag-canaco-servytur","tag-coronavirus-oaxaca"],"jetpack_featured_media_url":"https:\/\/zonaroja.com.mx\/wp-content\/uploads\/2020\/05\/Canacope-Oaxaca.jpg","jetpack_sharing_enabled":true,"_links":{"self":[{"href":"https:\/\/zonaroja.com.mx\/index.php?rest_route=\/wp\/v2\/posts\/12285","targetHints":{"allow":["GET"]}}],"collection":[{"href":"https:\/\/zonaroja.com.mx\/index.php?rest_route=\/wp\/v2\/posts"}],"about":[{"href":"https:\/\/zonaroja.com.mx\/index.php?rest_route=\/wp\/v2\/types\/post"}],"author":[{"embeddable":true,"href":"https:\/\/zonaroja.com.mx\/index.php?rest_route=\/wp\/v2\/users\/2"}],"replies":[{"embeddable":true,"href":"https:\/\/zonaroja.com.mx\/index.php?rest_route=%2Fwp%2Fv2%2Fcomments&post=12285"}],"version-history":[{"count":2,"href":"https:\/\/zonaroja.com.mx\/index.php?rest_route=\/wp\/v2\/posts\/12285\/revisions"}],"predecessor-version":[{"id":12291,"href":"https:\/\/zonaroja.com.mx\/index.php?rest_route=\/wp\/v2\/posts\/12285\/revisions\/12291"}],"wp:featuredmedia":[{"embeddable":true,"href":"https:\/\/zonaroja.com.mx\/index.php?rest_route=\/wp\/v2\/media\/12286"}],"wp:attachment":[{"href":"https:\/\/zonaroja.com.mx\/index.php?rest_route=%2Fwp%2Fv2%2Fmedia&parent=12285"}],"wp:term":[{"taxonomy":"category","embeddable":true,"href":"https:\/\/zonaroja.com.mx\/index.php?rest_route=%2Fwp%2Fv2%2Fcategories&post=12285"},{"taxonomy":"post_tag","embeddable":true,"href":"https:\/\/zonaroja.com.mx\/index.php?rest_route=%2Fwp%2Fv2%2Ftags&post=12285"}],"curies":[{"name":"wp","href":"https:\/\/api.w.org\/{rel}","templated":true}]}}