{"id":12292,"date":"2020-05-12T18:47:43","date_gmt":"2020-05-12T23:47:43","guid":{"rendered":"http:\/\/www.zonaroja.com.mx\/?p=12292"},"modified":"2020-05-12T18:48:50","modified_gmt":"2020-05-12T23:48:50","slug":"apenas-abre-hospital-de-la-mujer-y-se-le-muere-paciente-con-covid-19","status":"publish","type":"post","link":"https:\/\/zonaroja.com.mx\/?p=12292","title":{"rendered":"Apenas abre Hospital de la Mujer y se le muere paciente con Covid-19"},"content":{"rendered":"\n<p>Ismael Garc\u00eda M.\/Zona Roja.<\/p>\n\n\n\n<p>Oaxaca de Ju\u00e1rez, Oax., 12 de mayo de\n2020.- En su segundo d\u00eda de haber abierto la atenci\u00f3n a pacientes con\ncoronavirus Covid-19, el Hospital de la Mujer y del Ni\u00f1o de Oaxaca no pudo\nsalvar la vida de una mujer, que falleci\u00f3 despu\u00e9s de haber parido.<\/p>\n\n\n\n<p>El nosocomio fue abierto el domingo por\nla tarde y de acuerdo con los Servicios de Salud, cuenta con 120 camas\ncensables pero s\u00f3lo se habilitaron 30, de los cuales s\u00f3lo 13 tiene ventiladores\no respiradores artificiales.<\/p>\n\n\n\n<p>El nosocomio, cuya construcci\u00f3n inici\u00f3\nhace m\u00e1s de una d\u00e9cada, fue cedido por el gobernador Alejandro Murat Hinojosa a\nla Secretar\u00eda de la Defensa Nacional (Sedena), quien lo opera con personal\nm\u00e9dico y administrativo militar.<\/p>\n\n\n\n<p>El domingo arrib\u00f3 un primer paciente, un\nadulto mayor del sexo masculino, de 54 a\u00f1os de edad, residente de Oaxaca de\nJu\u00e1rez, quien cursa adem\u00e1s con patolog\u00edas cr\u00f3nicas como hipertensi\u00f3n y diabetes\ncon una evoluci\u00f3n de 20 a\u00f1os.<\/p>\n\n\n\n<p>El lunes fue tra\u00edda de la regi\u00f3n\nMixteca una mujer que reci\u00e9n hab\u00eda dado a luz en una cl\u00ednica particular de\nHuajuapan de Le\u00f3n, identificada como Rebeca A. B. R., de 37 a\u00f1os de edad, pero\neste martes falleci\u00f3, con signos de Covid-19.<\/p>\n\n\n\n<p>Sus familiares denunciaron que el fin\nde semana acudieron al hospital de Huajuapan, dependiente de los Servicios de\nSalud, pero les fue negada la atenci\u00f3n; el mismo rechazo tuvo en el IMSS de esa\nciudad Mixteca.<\/p>\n\n\n\n<p>Tras estudios de laboratorio, se\ncorrobor\u00f3 que perdi\u00f3 la vida pro Covid-19, en tanto que su hijo reci\u00e9n nacido\ntambi\u00e9n est\u00e1 infectado.<\/p>\n\n\n\n<p>De acuerdo con las estad\u00edsticas de la\nSecretar\u00eda de Salud, Oaxaca registra el segundo lugar nacional por el \u00edndice de\nletalidad del nuevo coronavirus, en proporci\u00f3n al n\u00famero de casos, con una tasa\nde 18.8%, s\u00f3lo superado por Chihuahua, con 20.02%; la media nacional es de 9.89\npor ciento.<\/p>\n","protected":false},"excerpt":{"rendered":"<p>Ismael Garc\u00eda M.\/Zona Roja. Oaxaca de Ju\u00e1rez, Oax., 12 de mayo de 2020.- En su&hellip;<\/p>\n","protected":false},"author":2,"featured_media":12294,"comment_status":"closed","ping_status":"open","sticky":false,"template":"","format":"standard","meta":{"_lmt_disableupdate":"","_lmt_disable":"","_jetpack_memberships_contains_paid_content":false,"footnotes":""},"categories":[109,47],"tags":[1512],"class_list":["post-12292","post","type-post","status-publish","format-standard","has-post-thumbnail","hentry","category-minuto-a-minuto","category-zona-gris","tag-coronavirus-oaxaca"],"jetpack_featured_media_url":"https:\/\/zonaroja.com.mx\/wp-content\/uploads\/2020\/05\/SSO-03-3.jpg","jetpack_sharing_enabled":true,"_links":{"self":[{"href":"https:\/\/zonaroja.com.mx\/index.php?rest_route=\/wp\/v2\/posts\/12292","targetHints":{"allow":["GET"]}}],"collection":[{"href":"https:\/\/zonaroja.com.mx\/index.php?rest_route=\/wp\/v2\/posts"}],"about":[{"href":"https:\/\/zonaroja.com.mx\/index.php?rest_route=\/wp\/v2\/types\/post"}],"author":[{"embeddable":true,"href":"https:\/\/zonaroja.com.mx\/index.php?rest_route=\/wp\/v2\/users\/2"}],"replies":[{"embeddable":true,"href":"https:\/\/zonaroja.com.mx\/index.php?rest_route=%2Fwp%2Fv2%2Fcomments&post=12292"}],"version-history":[{"count":1,"href":"https:\/\/zonaroja.com.mx\/index.php?rest_route=\/wp\/v2\/posts\/12292\/revisions"}],"predecessor-version":[{"id":12293,"href":"https:\/\/zonaroja.com.mx\/index.php?rest_route=\/wp\/v2\/posts\/12292\/revisions\/12293"}],"wp:featuredmedia":[{"embeddable":true,"href":"https:\/\/zonaroja.com.mx\/index.php?rest_route=\/wp\/v2\/media\/12294"}],"wp:attachment":[{"href":"https:\/\/zonaroja.com.mx\/index.php?rest_route=%2Fwp%2Fv2%2Fmedia&parent=12292"}],"wp:term":[{"taxonomy":"category","embeddable":true,"href":"https:\/\/zonaroja.com.mx\/index.php?rest_route=%2Fwp%2Fv2%2Fcategories&post=12292"},{"taxonomy":"post_tag","embeddable":true,"href":"https:\/\/zonaroja.com.mx\/index.php?rest_route=%2Fwp%2Fv2%2Ftags&post=12292"}],"curies":[{"name":"wp","href":"https:\/\/api.w.org\/{rel}","templated":true}]}}