{"id":12295,"date":"2020-05-12T19:36:11","date_gmt":"2020-05-13T00:36:11","guid":{"rendered":"http:\/\/www.zonaroja.com.mx\/?p=12295"},"modified":"2020-05-12T19:36:14","modified_gmt":"2020-05-13T00:36:14","slug":"a-la-puerta-de-fiscalia-en-tuxtepec-exigen-localizacion-de-itzel-y-justicia","status":"publish","type":"post","link":"https:\/\/zonaroja.com.mx\/?p=12295","title":{"rendered":"A la puerta de Fiscal\u00eda en Tuxtepec, exigen localizaci\u00f3n de Itzel y justicia"},"content":{"rendered":"\n<p>Yuridiana Sosa\/Zona Roja.<\/p>\n\n\n\n<p>San Juan Bautista Tuxtepec, Oax., 12 de\nmayo de 2020.- Familiares y amigos de la estudiante desaparecida en Tuxtepec,\nItzel Gonz\u00e1lez, realizaron una protesta en el Centro de Justicia \u201cDr. V\u00edctor\nBravo Ah\u00faja\u201d, para exigir a la Fiscal\u00eda General del Estado la inmediata\nlocalizaci\u00f3n de la joven.<\/p>\n\n\n\n<p>En el marco de la audiencia contra el\nimputado, identificado como M.F.C., presunto responsable de la desaparici\u00f3n, la\nfamilia de la estudiante de Enfermer\u00eda en la Universidad del Papaloapan (UNPA)\narrib\u00f3 a las instalaciones de la Vicefiscal\u00eda de la regi\u00f3n Cuenca para demandar\nnuevamente justicia.<\/p>\n\n\n\n<p>Con desesperaci\u00f3n, impotencia y\ntristeza, las t\u00edas de la joven no se cansaron de alzar la voz, pues de no\naparecer en las pr\u00f3ximas horas, este 14 de mayo se cumplir\u00e1 un mes que Itzel\nfue vista por \u00faltima vez en la colonia Grajales de este municipio de la Cuenca.<\/p>\n\n\n\n<p>Tras la audiencia, su familia indic\u00f3\nque el var\u00f3n fue vinculado a proceso, pero la Fiscal\u00eda no ofrece mayor\ninformar, ni pista alguna sobre la ubicaci\u00f3n de la estudiante de 22 a\u00f1os. La\nrespuesta de la autoridad judicial es que siguen investigando.<\/p>\n\n\n\n<p>\u201cS\u00f3lo queremos que Itzel regrese, y\nhaya justicia\u201d, expresan sus padres, hermana y t\u00edas, quienes la esperan y\nsiguen buscando.<\/p>\n","protected":false},"excerpt":{"rendered":"<p>Yuridiana Sosa\/Zona Roja. San Juan Bautista Tuxtepec, Oax., 12 de mayo de 2020.- Familiares y&hellip;<\/p>\n","protected":false},"author":2,"featured_media":12296,"comment_status":"closed","ping_status":"open","sticky":false,"template":"","format":"standard","meta":{"_lmt_disableupdate":"","_lmt_disable":"","_jetpack_memberships_contains_paid_content":false,"footnotes":""},"categories":[109,47],"tags":[1629],"class_list":["post-12295","post","type-post","status-publish","format-standard","has-post-thumbnail","hentry","category-minuto-a-minuto","category-zona-gris","tag-itzel-gonzalez-gonzalez"],"jetpack_featured_media_url":"https:\/\/zonaroja.com.mx\/wp-content\/uploads\/2020\/05\/58a4c00f-c871-406e-9116-0954aa3fdca6.jpg","jetpack_sharing_enabled":true,"_links":{"self":[{"href":"https:\/\/zonaroja.com.mx\/index.php?rest_route=\/wp\/v2\/posts\/12295","targetHints":{"allow":["GET"]}}],"collection":[{"href":"https:\/\/zonaroja.com.mx\/index.php?rest_route=\/wp\/v2\/posts"}],"about":[{"href":"https:\/\/zonaroja.com.mx\/index.php?rest_route=\/wp\/v2\/types\/post"}],"author":[{"embeddable":true,"href":"https:\/\/zonaroja.com.mx\/index.php?rest_route=\/wp\/v2\/users\/2"}],"replies":[{"embeddable":true,"href":"https:\/\/zonaroja.com.mx\/index.php?rest_route=%2Fwp%2Fv2%2Fcomments&post=12295"}],"version-history":[{"count":1,"href":"https:\/\/zonaroja.com.mx\/index.php?rest_route=\/wp\/v2\/posts\/12295\/revisions"}],"predecessor-version":[{"id":12297,"href":"https:\/\/zonaroja.com.mx\/index.php?rest_route=\/wp\/v2\/posts\/12295\/revisions\/12297"}],"wp:featuredmedia":[{"embeddable":true,"href":"https:\/\/zonaroja.com.mx\/index.php?rest_route=\/wp\/v2\/media\/12296"}],"wp:attachment":[{"href":"https:\/\/zonaroja.com.mx\/index.php?rest_route=%2Fwp%2Fv2%2Fmedia&parent=12295"}],"wp:term":[{"taxonomy":"category","embeddable":true,"href":"https:\/\/zonaroja.com.mx\/index.php?rest_route=%2Fwp%2Fv2%2Fcategories&post=12295"},{"taxonomy":"post_tag","embeddable":true,"href":"https:\/\/zonaroja.com.mx\/index.php?rest_route=%2Fwp%2Fv2%2Ftags&post=12295"}],"curies":[{"name":"wp","href":"https:\/\/api.w.org\/{rel}","templated":true}]}}