{"id":12298,"date":"2020-05-12T20:29:36","date_gmt":"2020-05-13T01:29:36","guid":{"rendered":"http:\/\/www.zonaroja.com.mx\/?p=12298"},"modified":"2020-05-12T20:41:46","modified_gmt":"2020-05-13T01:41:46","slug":"aparece-muerto-y-colgado-un-profesor-fue-asesinado-seccion-22","status":"publish","type":"post","link":"https:\/\/zonaroja.com.mx\/?p=12298","title":{"rendered":"Aparece muerto y colgado un profesor; fue asesinado: Secci\u00f3n 22"},"content":{"rendered":"\n<p>Ismael Garc\u00eda M.<\/p>\n\n\n\n<p>Oaxaca de Ju\u00e1rez, Oax., 12 de mayo de\n2020.- Un profesor afiliado a la Secci\u00f3n 22 del SNTE fue hallado muerto en su\ndomicilio esta tarde, en el municipio de Salina Cruz, Oaxaca; presuntamente se\nsuicid\u00f3 con una cuerda al cuello.<\/p>\n\n\n\n<p>Sin embargo, el magisterio estatal del\nSindicato Nacional de Trabajadores de la Educaci\u00f3n, denunci\u00f3 que el docente\nPedro Flores L\u00f3pez, perteneciente a la delegaci\u00f3n D-I-90 del Nivel Primaria\nGeneral, Sector 02 Tehuantepec, fue ultimado.<\/p>\n\n\n\n<p>Por ello, a trav\u00e9s de un comunicado,\nexigi\u00f3 a la Fiscal\u00eda General del Estado el inmediato esclarecimiento del crimen,\nocurrido en su domicilio ubicado camino a Bah\u00eda La Ventosa, colonia La Soledad,\nSalina Cruz.<\/p>\n\n\n\n<p>\u201cDe acuerdo con la informaci\u00f3n de su\nsector, el camarada fue asesinado. Hasta este momento se desconoce el paradero\nde los autores materiales e intelectuales de estos hechos por lo que exigimos\nal Gobierno del Estado y a la Fiscal\u00eda General del Estado Oaxaca dar con el\nparadero de los responsables de este crimen y castigarlos por sus hechos.<\/p>\n\n\n\n<p>\u201cLa ola de violencia y asesinatos que\nse vive en el estado de Oaxaca ha alcanzado a diversos sectores, dentro de\nellos a los maestros y maestras, dejando p\u00e9rdidas irreparables para las familias,\npor tal motivo, manifestamos de manera un\u00e1nime nuestro repudio a este tipo de\nactos reproblables que siguen afectando la tranquilidad social de los\noaxaque\u00f1os\u201d, difundi\u00f3 en un comunicado.<\/p>\n\n\n\n<p>\u201cExigimos castigo a los responsables,\nal tiempo que advertimos que nuestra exigencia en las calles no est\u00e1 descartada\nsi las autoridades no castigan a los autores de este asesinato que enluta a las\nfilas de nuestra Secci\u00f3n<\/p>\n\n\n\n<p>22\u201d, expuso.<\/p>\n\n\n\n<p>Hasta el momento no hay versi\u00f3n oficial\nacerca de los hechos ocurridos la tarde de este martes 12 de mayo.<\/p>\n\n\n\n<p>IDENTIFICAN A ASESINADO<\/p>\n\n\n\n<p>Por otra parte, como Delfino C. S., de\n45 a\u00f1os de edad, fue identificado el individuo asesinado a balazos entre la\nmedia noche de ayer y los primeros minutos de hoy, en la carretera federal\nOaxaca-Istmo, a bordo de un taxi de Salina Cruz.<\/p>\n\n\n\n<p>En tanto, resultaron lesionados Alberto\nQ. V., de 48 a\u00f1os, y Evaristo M. R., de 55 a\u00f1os, en el interior de la unidad\nmarcada con el n\u00famero econ\u00f3mico 13-233 y placas de circulaci\u00f3n 3105-SJJ.<\/p>\n\n\n\n<p>OTRO MUERTO AYER<\/p>\n\n\n\n<p>En tanto, anoche fue hallado en estado\nde putrefacci\u00f3n el cuerpo de una persona masculina, en la comunidad de\nAsunci\u00f3n, perteneciente al municipio de San Juan Bautista Guelache. Hasta el\nmomento la v\u00edctima no ha sido identificada ni se han dado detalles acerca de la\nforma en que muri\u00f3.<\/p>\n","protected":false},"excerpt":{"rendered":"<p>Ismael Garc\u00eda M. Oaxaca de Ju\u00e1rez, Oax., 12 de mayo de 2020.- Un profesor afiliado&hellip;<\/p>\n","protected":false},"author":2,"featured_media":12299,"comment_status":"closed","ping_status":"open","sticky":false,"template":"","format":"standard","meta":{"_lmt_disableupdate":"","_lmt_disable":"","_jetpack_memberships_contains_paid_content":false,"footnotes":""},"categories":[109,47],"tags":[1681,168],"class_list":["post-12298","post","type-post","status-publish","format-standard","has-post-thumbnail","hentry","category-minuto-a-minuto","category-zona-gris","tag-pedro-flores-lopez","tag-salina-cruz"],"jetpack_featured_media_url":"https:\/\/zonaroja.com.mx\/wp-content\/uploads\/2020\/05\/Ahorcado.jpg","jetpack_sharing_enabled":true,"_links":{"self":[{"href":"https:\/\/zonaroja.com.mx\/index.php?rest_route=\/wp\/v2\/posts\/12298","targetHints":{"allow":["GET"]}}],"collection":[{"href":"https:\/\/zonaroja.com.mx\/index.php?rest_route=\/wp\/v2\/posts"}],"about":[{"href":"https:\/\/zonaroja.com.mx\/index.php?rest_route=\/wp\/v2\/types\/post"}],"author":[{"embeddable":true,"href":"https:\/\/zonaroja.com.mx\/index.php?rest_route=\/wp\/v2\/users\/2"}],"replies":[{"embeddable":true,"href":"https:\/\/zonaroja.com.mx\/index.php?rest_route=%2Fwp%2Fv2%2Fcomments&post=12298"}],"version-history":[{"count":1,"href":"https:\/\/zonaroja.com.mx\/index.php?rest_route=\/wp\/v2\/posts\/12298\/revisions"}],"predecessor-version":[{"id":12300,"href":"https:\/\/zonaroja.com.mx\/index.php?rest_route=\/wp\/v2\/posts\/12298\/revisions\/12300"}],"wp:featuredmedia":[{"embeddable":true,"href":"https:\/\/zonaroja.com.mx\/index.php?rest_route=\/wp\/v2\/media\/12299"}],"wp:attachment":[{"href":"https:\/\/zonaroja.com.mx\/index.php?rest_route=%2Fwp%2Fv2%2Fmedia&parent=12298"}],"wp:term":[{"taxonomy":"category","embeddable":true,"href":"https:\/\/zonaroja.com.mx\/index.php?rest_route=%2Fwp%2Fv2%2Fcategories&post=12298"},{"taxonomy":"post_tag","embeddable":true,"href":"https:\/\/zonaroja.com.mx\/index.php?rest_route=%2Fwp%2Fv2%2Ftags&post=12298"}],"curies":[{"name":"wp","href":"https:\/\/api.w.org\/{rel}","templated":true}]}}