{"id":12308,"date":"2020-05-12T22:26:52","date_gmt":"2020-05-13T03:26:52","guid":{"rendered":"http:\/\/www.zonaroja.com.mx\/?p=12308"},"modified":"2020-05-12T22:26:55","modified_gmt":"2020-05-13T03:26:55","slug":"fallecen-71-migrantes-oaxaquenos-en-eu-por-covid-19","status":"publish","type":"post","link":"https:\/\/zonaroja.com.mx\/?p=12308","title":{"rendered":"Fallecen 71 migrantes oaxaque\u00f1os en EU por Covid-19"},"content":{"rendered":"\n<p>Redacci\u00f3n\/Zona Roja.<\/p>\n\n\n\n<p>Oaxaca de Ju\u00e1rez, Oax., 12 de mayo de\n2020.- Con base en la informaci\u00f3n que recibe por parte de la Secretar\u00eda de\nRelaciones Exteriores, el Instituto Oaxaque\u00f1o de Atenci\u00f3n al Migrante (IOAM) inform\u00f3\nque asciende a 71 el n\u00famero de migrantes oaxaque\u00f1os fallecidos por Covid-19 en\nEstados Unidos.<\/p>\n\n\n\n<p>El organismo dio a conocer que se\ntrabaja de manera coordinada con los 50 consulados de M\u00e9xico en el vecino pa\u00eds\ndel norte, con el objetivo de brindar una atenci\u00f3n oportuna a los migrantes que\nas\u00ed lo necesiten.<\/p>\n\n\n\n<p>En un comunicado, detall\u00f3 que al corte\ndel 10 de mayo del presente a\u00f1o, el IOAM ha gestionado la repatriaci\u00f3n de seis\nmigrantes fallecidos por Covid-19, puesto que la mayor\u00eda han sido reclamados\npor familiares que radican tambi\u00e9n en los Estados Unidos.<\/p>\n\n\n\n<p>No obstante, resalt\u00f3 que de enero a la\nfecha, el IOAM ha logrado la repatriaci\u00f3n de 68 restos mortuorios a su\ncomunidad de origen.<\/p>\n\n\n\n<p>Se\u00f1al\u00f3 tambi\u00e9n que se habilitaron al\ninicio de esta contingencia los correos ioam.juridico.2004@gmail.com para\ncualquier asesor\u00eda jur\u00eddica y ioam.traslados20@gmail.com para el servicio de\ntraslado de restos mortuorios, adem\u00e1s del n\u00famero 951 242 51 14.<\/p>\n\n\n\n<p>Asimismo, se\u00f1al\u00f3 los requisitos para el\ntraslado de restos mortuorios, para quienes sufrieron la irreparable p\u00e9rdida de\nun ser querido, los cuales son:<\/p>\n\n\n\n<p>Copia del acta de nacimiento de la\npersona fallecida<\/p>\n\n\n\n<p>Copia de identificaci\u00f3n oficial del\nsolicitante quien debe de tener una relaci\u00f3n de parentesco con el finado<\/p>\n\n\n\n<p>Solicitud de apoyo<\/p>\n\n\n\n<p>Recalc\u00f3 que, con base en la \u201cGu\u00eda de\nManejo de Cad\u00e1veres por Covid 19\u201d emitida por el Gobierno de la Rep\u00fablica, se\naplicar\u00e1n de manera estricta las disposiciones sanitarias nacionales e\ninternacionales para el manejo y transporte de restos mortuorios.<\/p>\n","protected":false},"excerpt":{"rendered":"<p>Redacci\u00f3n\/Zona Roja. Oaxaca de Ju\u00e1rez, Oax., 12 de mayo de 2020.- Con base en la&hellip;<\/p>\n","protected":false},"author":2,"featured_media":12309,"comment_status":"closed","ping_status":"open","sticky":false,"template":"","format":"standard","meta":{"_lmt_disableupdate":"","_lmt_disable":"","_jetpack_memberships_contains_paid_content":false,"footnotes":""},"categories":[109,47],"tags":[1228],"class_list":["post-12308","post","type-post","status-publish","format-standard","has-post-thumbnail","hentry","category-minuto-a-minuto","category-zona-gris","tag-instituto-oaxaqueno-de-atencion-al-migrante"],"jetpack_featured_media_url":"https:\/\/zonaroja.com.mx\/wp-content\/uploads\/2020\/05\/Muertos-Covid.jpg","jetpack_sharing_enabled":true,"_links":{"self":[{"href":"https:\/\/zonaroja.com.mx\/index.php?rest_route=\/wp\/v2\/posts\/12308","targetHints":{"allow":["GET"]}}],"collection":[{"href":"https:\/\/zonaroja.com.mx\/index.php?rest_route=\/wp\/v2\/posts"}],"about":[{"href":"https:\/\/zonaroja.com.mx\/index.php?rest_route=\/wp\/v2\/types\/post"}],"author":[{"embeddable":true,"href":"https:\/\/zonaroja.com.mx\/index.php?rest_route=\/wp\/v2\/users\/2"}],"replies":[{"embeddable":true,"href":"https:\/\/zonaroja.com.mx\/index.php?rest_route=%2Fwp%2Fv2%2Fcomments&post=12308"}],"version-history":[{"count":1,"href":"https:\/\/zonaroja.com.mx\/index.php?rest_route=\/wp\/v2\/posts\/12308\/revisions"}],"predecessor-version":[{"id":12310,"href":"https:\/\/zonaroja.com.mx\/index.php?rest_route=\/wp\/v2\/posts\/12308\/revisions\/12310"}],"wp:featuredmedia":[{"embeddable":true,"href":"https:\/\/zonaroja.com.mx\/index.php?rest_route=\/wp\/v2\/media\/12309"}],"wp:attachment":[{"href":"https:\/\/zonaroja.com.mx\/index.php?rest_route=%2Fwp%2Fv2%2Fmedia&parent=12308"}],"wp:term":[{"taxonomy":"category","embeddable":true,"href":"https:\/\/zonaroja.com.mx\/index.php?rest_route=%2Fwp%2Fv2%2Fcategories&post=12308"},{"taxonomy":"post_tag","embeddable":true,"href":"https:\/\/zonaroja.com.mx\/index.php?rest_route=%2Fwp%2Fv2%2Ftags&post=12308"}],"curies":[{"name":"wp","href":"https:\/\/api.w.org\/{rel}","templated":true}]}}