{"id":12317,"date":"2020-05-13T08:06:23","date_gmt":"2020-05-13T13:06:23","guid":{"rendered":"http:\/\/www.zonaroja.com.mx\/?p=12317"},"modified":"2020-05-13T08:06:26","modified_gmt":"2020-05-13T13:06:26","slug":"por-pandemia-pierde-mexico-753-mil-empleos-en-mes-y-medio","status":"publish","type":"post","link":"https:\/\/zonaroja.com.mx\/?p=12317","title":{"rendered":"Por pandemia, pierde M\u00e9xico 753 mil empleos en mes y medio"},"content":{"rendered":"\n<p>Redacci\u00f3n\/Zona Roja Cdmx.<\/p>\n\n\n\n<p>Ciudad de M\u00e9xico, 13 de mayo de 2020.- Las\nmedidas de distanciamiento social adoptadas para evitar la propagaci\u00f3n del\ncoronavirus tuvieron un efecto en la actividad econ\u00f3mica y reflejan una fuerte\nca\u00edda en el empleo, ya que en mes y medio se perdieron 753 mil 280 puestos de\ntrabajo formales.<\/p>\n\n\n\n<p>De acuerdo con informaci\u00f3n del diario \u201cEl\nFinanciero\u201d, esta cifra pone al pa\u00eds en un escenario en el que, al cierre del\n2020, el total de empleos perdidos ronde el mill\u00f3n de plazas, estimaron\nexpertos.<\/p>\n\n\n\n<p>El Instituto Mexicano del Seguro Social\n(IMSS) report\u00f3 que en abril del presente a\u00f1o se perdieron 555 mil 247 empleos\nformales, la mayor cifra desde que hay registros disponibles.<\/p>\n\n\n\n<p>Este dato se suma a los 198 mil 33\npuestos de trabajo que se dieron de baja del 13 al 31 de marzo, seg\u00fan\ninformaron el IMSS y la Secretar\u00eda del Trabajo en una conferencia ma\u00f1anera del\n8 de abril. De tal forma que, en total, los empleos perdidos durante las tres\n\u00faltimas quincenas suman 753 mil 280.<\/p>\n\n\n\n<p>Es de mencionar que la Jornada Nacional\nde Sana Distancia inici\u00f3 el lunes 23 de marzo, no obstante, los datos revelan\nque las empresas comenzaron a tomar medidas antes de que iniciara el periodo de\ndistanciamiento social, refiere \u201cEl Financiero\u201d.<\/p>\n\n\n\n<p>\u201cComo consecuencia de los efectos\nderivados de la emergencia sanitaria, en abril se registra una disminuci\u00f3n\nmensual de 555 mil 247 puestos, equivalente a una tasa mensual de -2.7 por\nciento\u201d, anot\u00f3 el IMSS en su reporte. <\/p>\n\n\n\n<p>La p\u00e9rdida de empleos es nueve veces\nmayor que la observada en abril de 2009, cuando se reportaron 60 mil 218 casos\ndebido a los efectos de la influenza AH1N1.<\/p>\n\n\n\n<p>ESTADOS TUR\u00cdSTICOS, CON M\u00c1S CA\u00cdDAS<\/p>\n\n\n\n<p>Al 30 de abril se tienen contabilizados\nen el IMSS 19 millones 928 mil puestos de trabajo formales, 2.2 por ciento\nmenos que en el mismo mes del a\u00f1o anterior, la mayor ca\u00edda desde finales de\n2009.<\/p>\n\n\n\n<p>Las mayores bajas fueron en estados con\nvocaci\u00f3n tur\u00edstica. En Quintana Roo fue 18.1 por ciento anual, mientras que en\nBaja California Sur y Guerrero reportaron 10.8 y 6.3 por ciento menos, en cada\ncaso.<\/p>\n\n\n\n<p>En 26 de 32 estados se reportaron\nvariaciones anuales negativas en empleo, solo Tabasco, Campeche, Michoac\u00e1n,\nColima, Chiapas y Aguascalientes reportaron variaciones positivas, siendo el\nestado tabasque\u00f1o el que tuvo en abril el mejor cambio anual con un aumento de\nempleo de 2.3 por ciento, expone \u201cEl Financiero\u201d.<\/p>\n\n\n\n<p>SEGUIR\u00c1N P\u00c9RDIDAS EN MAYO<\/p>\n\n\n\n<p>David Kaplan, especialista senior de la\nDivisi\u00f3n de Mercados Laborales y Seguridad Social del Banco Interamericano de\nDesarrollo (BID), se\u00f1al\u00f3 que lo m\u00e1s probable es que el empleo formal se reduzca\notra vez en mayo, debido a la continuaci\u00f3n de las medidas para contener los\ncontagios del COVID-19.<\/p>\n\n\n\n<p>Sin embargo, el especialista espera que\nhaya una menor reducci\u00f3n del empleo en el presente mes que en abril.<\/p>\n\n\n\n<p>Gabriela Siller, directora de an\u00e1lisis\necon\u00f3mico y financiero de Banco Base, refiri\u00f3 que \u201cla p\u00e9rdida de 555 mil\nempleos en abril, la m\u00e1xima en los registros, se explica por la tendencia de\nbaja que llevaba la econom\u00eda mexicana y por el golpe del COVID-19. En toda la\ncrisis de 1995 se perdieron cerca de 600 mil empleos. Este a\u00f1o la cifra puede\nacercarse al mill\u00f3n\u201d.<\/p>\n","protected":false},"excerpt":{"rendered":"<p>Redacci\u00f3n\/Zona Roja Cdmx. Ciudad de M\u00e9xico, 13 de mayo de 2020.- Las medidas de distanciamiento&hellip;<\/p>\n","protected":false},"author":2,"featured_media":12318,"comment_status":"closed","ping_status":"open","sticky":false,"template":"","format":"standard","meta":{"_lmt_disableupdate":"","_lmt_disable":"","_jetpack_memberships_contains_paid_content":false,"footnotes":""},"categories":[109,47],"tags":[1328],"class_list":["post-12317","post","type-post","status-publish","format-standard","has-post-thumbnail","hentry","category-minuto-a-minuto","category-zona-gris","tag-coronavirus-mexico"],"jetpack_featured_media_url":"https:\/\/zonaroja.com.mx\/wp-content\/uploads\/2020\/05\/desempleo.jpg","jetpack_sharing_enabled":true,"_links":{"self":[{"href":"https:\/\/zonaroja.com.mx\/index.php?rest_route=\/wp\/v2\/posts\/12317","targetHints":{"allow":["GET"]}}],"collection":[{"href":"https:\/\/zonaroja.com.mx\/index.php?rest_route=\/wp\/v2\/posts"}],"about":[{"href":"https:\/\/zonaroja.com.mx\/index.php?rest_route=\/wp\/v2\/types\/post"}],"author":[{"embeddable":true,"href":"https:\/\/zonaroja.com.mx\/index.php?rest_route=\/wp\/v2\/users\/2"}],"replies":[{"embeddable":true,"href":"https:\/\/zonaroja.com.mx\/index.php?rest_route=%2Fwp%2Fv2%2Fcomments&post=12317"}],"version-history":[{"count":1,"href":"https:\/\/zonaroja.com.mx\/index.php?rest_route=\/wp\/v2\/posts\/12317\/revisions"}],"predecessor-version":[{"id":12319,"href":"https:\/\/zonaroja.com.mx\/index.php?rest_route=\/wp\/v2\/posts\/12317\/revisions\/12319"}],"wp:featuredmedia":[{"embeddable":true,"href":"https:\/\/zonaroja.com.mx\/index.php?rest_route=\/wp\/v2\/media\/12318"}],"wp:attachment":[{"href":"https:\/\/zonaroja.com.mx\/index.php?rest_route=%2Fwp%2Fv2%2Fmedia&parent=12317"}],"wp:term":[{"taxonomy":"category","embeddable":true,"href":"https:\/\/zonaroja.com.mx\/index.php?rest_route=%2Fwp%2Fv2%2Fcategories&post=12317"},{"taxonomy":"post_tag","embeddable":true,"href":"https:\/\/zonaroja.com.mx\/index.php?rest_route=%2Fwp%2Fv2%2Ftags&post=12317"}],"curies":[{"name":"wp","href":"https:\/\/api.w.org\/{rel}","templated":true}]}}