{"id":12323,"date":"2020-05-13T10:40:32","date_gmt":"2020-05-13T15:40:32","guid":{"rendered":"http:\/\/www.zonaroja.com.mx\/?p=12323"},"modified":"2020-05-13T10:40:35","modified_gmt":"2020-05-13T15:40:35","slug":"en-pleno-pico-de-pandemia-oaxaca-preve-regresar-a-normalidad-en-cinco-dias","status":"publish","type":"post","link":"https:\/\/zonaroja.com.mx\/?p=12323","title":{"rendered":"En pleno pico de pandemia, Oaxaca prev\u00e9 regresar a normalidad en cinco d\u00edas"},"content":{"rendered":"\n<p>Ismael Garc\u00eda M.\/Zona Roja.<\/p>\n\n\n\n<p>Oaxaca de Ju\u00e1rez, Oax., En pleno pico\nde la pandemia en Oaxaca, con hospitales saturados por la atenci\u00f3n a\ncontagiados de Covid-19, el gobernador Alejandro Murat comprometi\u00f3 ante el\nPresidente Andr\u00e9s Manuel L\u00f3pez Obrador regresar paulatinamente a la normalidad\ncasi a la mitad de municipios del estado.<\/p>\n\n\n\n<p>Esta ma\u00f1ana durante la conferencia en\nPalacio Nacional, las autoridades sanitarias a nivel federal se comprometieron\na un regreso a la normalidad en 269 municipios de 15 entidades del pa\u00eds, que\nest\u00e1n en \u201cfoco verde\u201d y \u201cfoco amarillo\u201d en la medici\u00f3n de la pandemia; de\nellos, 203 est\u00e1n en Oaxaca.<\/p>\n\n\n\n<p>No obstante, hasta ahora el gobierno de\nla entidad no ha revelado la forma en que ser\u00e1 el retorno gradual a la\nnormalidad a partir del 18 de mayo ni los municipios que estar\u00e1n en esa\ndisposici\u00f3n; tampoco si ha dialogado con las autoridades de los ayuntamientos\npara convencerlos de dicho regreso.<\/p>\n\n\n\n<p>Durante su intervenci\u00f3n en la\nconferencia de prensa de esta ma\u00f1ana en Palacio Nacional, el gobernador\nAlejandro Murat destac\u00f3 las medidas que han impuesto las comunidades &#8211;entre ellas\nel toque de queda&#8211; para evitar contagios, han permitido que 203 se encuentren\nlibres de Covid-19.<\/p>\n\n\n\n<p>Sin embargo, en las calles de los\nprincipales centros urbanos, como de la ciudad de Oaxaca, Tuxtepec, Miahuatl\u00e1n,\nJuchit\u00e1n, Huajuapan, por mencionar algunos &#8211;donde llegan personas procedentes\nde comunidades a realizar tr\u00e1mites, entre ellos bancarios&#8211;, adem\u00e1s de los\nmercados, contin\u00faan las aglomeraciones.<\/p>\n\n\n\n<p>En tanto, hasta el corte de ayer por la\nnoche, los Servicios de Salud de Oaxaca reportaron 52 decesos, cinco m\u00e1s que el\nd\u00eda anterior, y 271 casos positivos, 13 m\u00e1s que el d\u00eda anterior.<\/p>\n\n\n\n<p>No obstante, en el tema educativo, en la\npropia conferencia de prensa, el titular de la SEP, Esteban Moctezuma Barrag\u00e1n,\ncontradijo al Presidente de M\u00e9xico y dem\u00e1s funcionarios federales, al afirmar\nque no habr\u00e1 regreso a clases hasta en tanto no haya plenas garant\u00edas de salud.<\/p>\n","protected":false},"excerpt":{"rendered":"<p>Ismael Garc\u00eda M.\/Zona Roja. Oaxaca de Ju\u00e1rez, Oax., En pleno pico de la pandemia en&hellip;<\/p>\n","protected":false},"author":2,"featured_media":12324,"comment_status":"closed","ping_status":"open","sticky":false,"template":"","format":"standard","meta":{"_lmt_disableupdate":"","_lmt_disable":"","_jetpack_memberships_contains_paid_content":false,"footnotes":""},"categories":[109,47],"tags":[1512],"class_list":["post-12323","post","type-post","status-publish","format-standard","has-post-thumbnail","hentry","category-minuto-a-minuto","category-zona-gris","tag-coronavirus-oaxaca"],"jetpack_featured_media_url":"https:\/\/zonaroja.com.mx\/wp-content\/uploads\/2020\/05\/IMG_0164.png","jetpack_sharing_enabled":true,"_links":{"self":[{"href":"https:\/\/zonaroja.com.mx\/index.php?rest_route=\/wp\/v2\/posts\/12323","targetHints":{"allow":["GET"]}}],"collection":[{"href":"https:\/\/zonaroja.com.mx\/index.php?rest_route=\/wp\/v2\/posts"}],"about":[{"href":"https:\/\/zonaroja.com.mx\/index.php?rest_route=\/wp\/v2\/types\/post"}],"author":[{"embeddable":true,"href":"https:\/\/zonaroja.com.mx\/index.php?rest_route=\/wp\/v2\/users\/2"}],"replies":[{"embeddable":true,"href":"https:\/\/zonaroja.com.mx\/index.php?rest_route=%2Fwp%2Fv2%2Fcomments&post=12323"}],"version-history":[{"count":1,"href":"https:\/\/zonaroja.com.mx\/index.php?rest_route=\/wp\/v2\/posts\/12323\/revisions"}],"predecessor-version":[{"id":12325,"href":"https:\/\/zonaroja.com.mx\/index.php?rest_route=\/wp\/v2\/posts\/12323\/revisions\/12325"}],"wp:featuredmedia":[{"embeddable":true,"href":"https:\/\/zonaroja.com.mx\/index.php?rest_route=\/wp\/v2\/media\/12324"}],"wp:attachment":[{"href":"https:\/\/zonaroja.com.mx\/index.php?rest_route=%2Fwp%2Fv2%2Fmedia&parent=12323"}],"wp:term":[{"taxonomy":"category","embeddable":true,"href":"https:\/\/zonaroja.com.mx\/index.php?rest_route=%2Fwp%2Fv2%2Fcategories&post=12323"},{"taxonomy":"post_tag","embeddable":true,"href":"https:\/\/zonaroja.com.mx\/index.php?rest_route=%2Fwp%2Fv2%2Ftags&post=12323"}],"curies":[{"name":"wp","href":"https:\/\/api.w.org\/{rel}","templated":true}]}}