{"id":12327,"date":"2020-05-13T12:54:43","date_gmt":"2020-05-13T17:54:43","guid":{"rendered":"https:\/\/www.zonaroja.com.mx\/?p=12327"},"modified":"2020-05-13T13:26:48","modified_gmt":"2020-05-13T18:26:48","slug":"balean-a-custodio-del-penal-de-miahuatlan-en-la-capital-de-oaxaca","status":"publish","type":"post","link":"https:\/\/zonaroja.com.mx\/?p=12327","title":{"rendered":"Balean a custodio del penal de Miahuatl\u00e1n en la capital de Oaxaca"},"content":{"rendered":"\n<p>Evlin Arag\u00f3n\/Zona Roja. <\/p>\n\n\n\n<p><br>Oaxaca de Ju\u00e1rez, Oax., 13 de abril de 2020.- A plena luz del d\u00eda, sujetos no identificados atacaron a balazos a una persona que se encontraba al interior de su veh\u00edculo, en la prolongaci\u00f3n de La Noria, perteneciente a la agencia de Cinco Se\u00f1ores en la capital de Oaxaca. <\/p>\n\n\n\n<p><br>De acuerdo con los primeros reportes, la v\u00edctima del ataque es un custodio del reclusorio estatal de Miahuatl\u00e1n de Porfkrio D\u00edaz que responde al nombre de R.C.F., quien se encontraba al interior de una unidad de motor color rojo y que result\u00f3 herido con dos impactos de bala de arma de grueso calibre, AK-47. <\/p>\n\n\n\n<p><br>Una de las primeras versiones asegura que la agresi\u00f3n fue derivada a que el custodio impidi\u00f3 la tarde de ayer el ingreso de droga al interior del penal, debido a las acciones que ha reforzado la Secretar\u00eda de Seguridad P\u00fablica para impedir la entrada de sustancias y objetos prohibidos al centro de internamiento. <\/p>\n\n\n\n<p> <div class=\"twitter-tweet\"><blockquote class=\"twitter-tweet\" data-lang=\"es\"><p lang=\"es\" dir=\"ltr\"><a href=\"https:\/\/twitter.com\/hashtag\/OaxacaRojo?src=hash&amp;ref_src=twsrc%5Etfw\">#OaxacaRojo<\/a><br>El fracaso de la seguridad del <a href=\"https:\/\/twitter.com\/MunicipioOaxaca?ref_src=twsrc%5Etfw\">@MunicipioOaxaca<\/a> <a href=\"https:\/\/twitter.com\/oswaldogarciaj?ref_src=twsrc%5Etfw\">@oswaldogarciaj<\/a>; a la luz de la ma\u00f1ana, atacan a balazos a una persona en el interior de su veh\u00edculo, ubicado en la prolongaci\u00f3n de La Noria, agencia de Cinco Se\u00f1ores de la capital oaxaque\u00f1a. <a href=\"https:\/\/t.co\/KdCgWd8Byo\">pic.twitter.com\/KdCgWd8Byo<\/a><\/p>&mdash; Zona Roja Oaxaca (@MexRoja) <a href=\"https:\/\/twitter.com\/MexRoja\/status\/1260582744939286535?ref_src=twsrc%5Etfw\">13 de mayo de 2020<\/a><\/blockquote><\/div> <\/p>\n\n\n\n<p><br>Al lugar arribaron elementos de las corporaciones de seguridad a nivel municipal y estatal, as\u00ed como de la Guardia Nacional, quienes acordonaron la zona y recabaron los datos emitidos por testigos y personas curiosas que se reunieron alrededor, quienes refer\u00edan haber visto a una persona vestida con playera y ropa deportiva. <\/p>\n\n\n\n<p><br>Adem\u00e1s lamentaron que la violencia contin\u00fae en aumento en la capital oaxaque\u00f1a. Y es que fue antes <a href=\"\/\/1\">de las nueve de la ma\u00f1ana<\/a> que se dieron los hechos, sin importar que se tratara de una calle transitada por lo que en cuesti\u00f3n de minutos se vivieron momentos de confusi\u00f3n, angustia, miedo y preocupaci\u00f3n de personas que habitan en la zona. <\/p>\n","protected":false},"excerpt":{"rendered":"<p>Evlin Arag\u00f3n\/Zona Roja. Oaxaca de Ju\u00e1rez, Oax., 13 de abril de 2020.- A plena luz&hellip;<\/p>\n","protected":false},"author":2,"featured_media":12326,"comment_status":"closed","ping_status":"open","sticky":false,"template":"","format":"standard","meta":{"_lmt_disableupdate":"","_lmt_disable":"","_jetpack_memberships_contains_paid_content":false,"footnotes":""},"categories":[109,51],"tags":[148],"class_list":["post-12327","post","type-post","status-publish","format-standard","has-post-thumbnail","hentry","category-minuto-a-minuto","category-zona-roja","tag-oaxaca-de-juarez"],"jetpack_featured_media_url":"https:\/\/zonaroja.com.mx\/wp-content\/uploads\/2020\/05\/2e0db754-370e-45ad-a709-245ee43af955.jpg","jetpack_sharing_enabled":true,"_links":{"self":[{"href":"https:\/\/zonaroja.com.mx\/index.php?rest_route=\/wp\/v2\/posts\/12327","targetHints":{"allow":["GET"]}}],"collection":[{"href":"https:\/\/zonaroja.com.mx\/index.php?rest_route=\/wp\/v2\/posts"}],"about":[{"href":"https:\/\/zonaroja.com.mx\/index.php?rest_route=\/wp\/v2\/types\/post"}],"author":[{"embeddable":true,"href":"https:\/\/zonaroja.com.mx\/index.php?rest_route=\/wp\/v2\/users\/2"}],"replies":[{"embeddable":true,"href":"https:\/\/zonaroja.com.mx\/index.php?rest_route=%2Fwp%2Fv2%2Fcomments&post=12327"}],"version-history":[{"count":2,"href":"https:\/\/zonaroja.com.mx\/index.php?rest_route=\/wp\/v2\/posts\/12327\/revisions"}],"predecessor-version":[{"id":12329,"href":"https:\/\/zonaroja.com.mx\/index.php?rest_route=\/wp\/v2\/posts\/12327\/revisions\/12329"}],"wp:featuredmedia":[{"embeddable":true,"href":"https:\/\/zonaroja.com.mx\/index.php?rest_route=\/wp\/v2\/media\/12326"}],"wp:attachment":[{"href":"https:\/\/zonaroja.com.mx\/index.php?rest_route=%2Fwp%2Fv2%2Fmedia&parent=12327"}],"wp:term":[{"taxonomy":"category","embeddable":true,"href":"https:\/\/zonaroja.com.mx\/index.php?rest_route=%2Fwp%2Fv2%2Fcategories&post=12327"},{"taxonomy":"post_tag","embeddable":true,"href":"https:\/\/zonaroja.com.mx\/index.php?rest_route=%2Fwp%2Fv2%2Ftags&post=12327"}],"curies":[{"name":"wp","href":"https:\/\/api.w.org\/{rel}","templated":true}]}}