{"id":12330,"date":"2020-05-13T14:35:21","date_gmt":"2020-05-13T19:35:21","guid":{"rendered":"http:\/\/www.zonaroja.com.mx\/?p=12330"},"modified":"2020-05-13T14:35:24","modified_gmt":"2020-05-13T19:35:24","slug":"la-seccion-22-del-snte-dice-no-al-regreso-a-clases-en-oaxaca","status":"publish","type":"post","link":"https:\/\/zonaroja.com.mx\/?p=12330","title":{"rendered":"La Secci\u00f3n 22 del SNTE dice no al regreso a clases en Oaxaca"},"content":{"rendered":"\n<p>Yuridiana Sosa\/Zona Roja.<\/p>\n\n\n\n<p>Oaxaca de Ju\u00e1rez, Oax., 13 de mayo de\n2020.- La Secci\u00f3n 22 del Sindicato Nacional de Trabajadores de la Educaci\u00f3n\n(SNTE) manifest\u00f3 su rechazo al regreso a clases la pr\u00f3xima semana, como ser\u00eda\nen 203 municipios de Oaxaca libres de casos Covid-19, pues consideran que no\nexisten las condiciones sanitarias para la \u201cnueva normalidad\u201d.<\/p>\n\n\n\n<p>El secretario general de la gremial\nadherida a la Coordinadora Nacional de Trabajadores de la Educaci\u00f3n (CNTE),\nEloy L\u00f3pez Hern\u00e1ndez, se\u00f1al\u00f3 que el regreso a clases tambi\u00e9n deber\u00e1 ser\nconsultado con los padres de familia.<\/p>\n\n\n\n<p>Tras el anuncio del gobierno federal y\nestatal de que Oaxaca forma parte de los estados que el pr\u00f3ximo 18 de mayo\ncomenzar\u00e1n la fase de reincorporaraci\u00f3n de las actividades en los diversos\nsectores &#8211;por contar con municipios libres de riesgo de coronavirus&#8211;, el\nmagisterio respondi\u00f3 con su oposici\u00f3n.<\/p>\n\n\n\n<p>En Oaxaca, que registra el mayor n\u00famero\nde municipios \u201cesperanza\u201d, de los 269 en todo el pa\u00eds, \u201cno existen las\ncondiciones de seguridad sanitaria en las m\u00e1s de 14 mil escuelas para regresar\na clases durante este mes\u201d, asever\u00f3 el representante sindical.<\/p>\n\n\n\n<p>Por tal motivo, exigi\u00f3 al gobierno\nestatal y al Instituto Estatal de Educaci\u00f3n P\u00fablica de Oaxaca (IEEPO) garant\u00edas\nen las condiciones y en las medidas necesarias para un regreso, el cual,\nadem\u00e1s, se valorar\u00e1 en conjunto con los padres de familia para un regreso\nseguro para todos.<\/p>\n\n\n\n<p>Durante la conferencia matutina del\npresidente Andr\u00e9s Manuel L\u00f3pez Obrador, las autoridades federales anunciaron el\nregreso paulatino, marcado en tres etapas, de la actividad comercial y\neducativa en M\u00e9xico.<\/p>\n\n\n\n<p>Son 269 municipios distribuidos en 15\nestados los que el pr\u00f3ximo lunes comenzar\u00e1n una \u201cnueva normalidad\u201d; en esos,\nmarcados con luz verde en el sem\u00e1foro de casos, se aval\u00f3 el regreso a clases,\nindic\u00f3 la Secretar\u00eda de Educaci\u00f3n P\u00fablica, lo que involucra a m\u00e1s de 200 en\nOaxaca.<\/p>\n","protected":false},"excerpt":{"rendered":"<p>Yuridiana Sosa\/Zona Roja. Oaxaca de Ju\u00e1rez, Oax., 13 de mayo de 2020.- La Secci\u00f3n 22&hellip;<\/p>\n","protected":false},"author":2,"featured_media":12331,"comment_status":"closed","ping_status":"open","sticky":false,"template":"","format":"standard","meta":{"_lmt_disableupdate":"","_lmt_disable":"","_jetpack_memberships_contains_paid_content":false,"footnotes":""},"categories":[109,47],"tags":[312],"class_list":["post-12330","post","type-post","status-publish","format-standard","has-post-thumbnail","hentry","category-minuto-a-minuto","category-zona-gris","tag-seccion-22-del-snte"],"jetpack_featured_media_url":"https:\/\/zonaroja.com.mx\/wp-content\/uploads\/2020\/05\/Escuela-Oaxaca.jpg","jetpack_sharing_enabled":true,"_links":{"self":[{"href":"https:\/\/zonaroja.com.mx\/index.php?rest_route=\/wp\/v2\/posts\/12330","targetHints":{"allow":["GET"]}}],"collection":[{"href":"https:\/\/zonaroja.com.mx\/index.php?rest_route=\/wp\/v2\/posts"}],"about":[{"href":"https:\/\/zonaroja.com.mx\/index.php?rest_route=\/wp\/v2\/types\/post"}],"author":[{"embeddable":true,"href":"https:\/\/zonaroja.com.mx\/index.php?rest_route=\/wp\/v2\/users\/2"}],"replies":[{"embeddable":true,"href":"https:\/\/zonaroja.com.mx\/index.php?rest_route=%2Fwp%2Fv2%2Fcomments&post=12330"}],"version-history":[{"count":1,"href":"https:\/\/zonaroja.com.mx\/index.php?rest_route=\/wp\/v2\/posts\/12330\/revisions"}],"predecessor-version":[{"id":12332,"href":"https:\/\/zonaroja.com.mx\/index.php?rest_route=\/wp\/v2\/posts\/12330\/revisions\/12332"}],"wp:featuredmedia":[{"embeddable":true,"href":"https:\/\/zonaroja.com.mx\/index.php?rest_route=\/wp\/v2\/media\/12331"}],"wp:attachment":[{"href":"https:\/\/zonaroja.com.mx\/index.php?rest_route=%2Fwp%2Fv2%2Fmedia&parent=12330"}],"wp:term":[{"taxonomy":"category","embeddable":true,"href":"https:\/\/zonaroja.com.mx\/index.php?rest_route=%2Fwp%2Fv2%2Fcategories&post=12330"},{"taxonomy":"post_tag","embeddable":true,"href":"https:\/\/zonaroja.com.mx\/index.php?rest_route=%2Fwp%2Fv2%2Ftags&post=12330"}],"curies":[{"name":"wp","href":"https:\/\/api.w.org\/{rel}","templated":true}]}}