{"id":12333,"date":"2020-05-13T15:19:37","date_gmt":"2020-05-13T20:19:37","guid":{"rendered":"http:\/\/www.zonaroja.com.mx\/?p=12333"},"modified":"2020-05-13T15:20:18","modified_gmt":"2020-05-13T20:20:18","slug":"denuncian-comunidades-abandono-del-sector-salud-en-la-sierra-sur","status":"publish","type":"post","link":"https:\/\/zonaroja.com.mx\/?p=12333","title":{"rendered":"Denuncian comunidades abandono del sector salud en la Sierra Sur"},"content":{"rendered":"\n<p>Evlin Arag\u00f3n\/Zona Roja.<\/p>\n\n\n\n<p>Oaxaca de Ju\u00e1rez, Oax., 13 de mayo de\n2020.- Autoridades municipales de la Sierra Sur denunciaron abandono del sector\nsalud y anunciaron la clausura simb\u00f3lica del Hospital Comunitario de San\nJacinto Tlacotepec, debido a que el personal se encuentra en paro desde hace\ndos meses, privando a la comunidad ind\u00edgena de la atenci\u00f3n m\u00e9dica.<\/p>\n\n\n\n<p>Con una manifestaci\u00f3n en las oficinas\ncentrales de los Servicios de Salud de Oaxaca (SSO), explicaron que se trata de\nuna situaci\u00f3n grave, ya que son 30 mil pobladores, ubicados en cuatro\ndiferentes municipios, quienes resultan afectados en su derecho a la salud, la\nmayor\u00eda de estos de escasos recursos que no pueden costear atenci\u00f3n especializada\nde car\u00e1cter particular.<\/p>\n\n\n\n<p>Lamentaron que, pese a la contingencia\nsanitaria, el personal sindicalizado de los SSO mantiene su paro de labores\ndesde mediados de marzo, sin la m\u00ednima consideraci\u00f3n por la situaci\u00f3n que se\nvive actualmente, configurando un trato discriminatorio hacia la comunidad\nind\u00edgena que adem\u00e1s tambi\u00e9n se enfrenta a que el personal del hospital no hable\nla lengua materna.<\/p>\n\n\n\n<p>As\u00ed mismo, acusaron a las y los trabajadores del hospital de llegar tarde y faltar constantemente a sus labores, ingresar a su centro de trabajo en estado de ebriedad, utilizar de forma excesiva los tel\u00e9fonos movilidad en horario de trabajo, situaci\u00f3n que retrasa y demerita la atenci\u00f3n a la poblaci\u00f3n que requiere la consulta m\u00e9dica.<\/p>\n\n\n\n<figure class=\"wp-block-embed-twitter wp-block-embed is-type-rich is-provider-twitter\"><div class=\"wp-block-embed__wrapper\">\n<div class=\"twitter-tweet\"><blockquote class=\"twitter-tweet\" data-lang=\"es\"><p lang=\"es\" dir=\"ltr\"><a href=\"https:\/\/twitter.com\/hashtag\/OaxacaGris?src=hash&amp;ref_src=twsrc%5Etfw\">#OaxacaGris<\/a><br>Las ineficiencias en los <a href=\"https:\/\/twitter.com\/SSO_GobOax?ref_src=twsrc%5Etfw\">@SSO_GobOax<\/a> fueron exhibidas este martes por pobladoras de la Sierra Sur de Oaxaca, que desde hace unos dos meses no tienen personal m\u00e9dico para el hospital comunitario; acusan inoperancia de titular, <a href=\"https:\/\/twitter.com\/Donato_Casas?ref_src=twsrc%5Etfw\">@Donato_Casas<\/a>. <a href=\"https:\/\/t.co\/zs3ZWPkhzC\">pic.twitter.com\/zs3ZWPkhzC<\/a><\/p>&mdash; Zona Roja Oaxaca (@MexRoja) <a href=\"https:\/\/twitter.com\/MexRoja\/status\/1260643844141408256?ref_src=twsrc%5Etfw\">13 de mayo de 2020<\/a><\/blockquote><\/div>\n<\/div><\/figure>\n\n\n\n<p>Por lo anterior, solicitaron al\ngobernador de Oaxaca, Alejandro Murat Hinojosa, el cambio inmediato de la\nplantilla del personal que labora en el hospital y que sea reemplazado por\nprofesionistas comprometidos y con vocaci\u00f3n de servicio, que puedan brindar\natenci\u00f3n con respeto a la poblaci\u00f3n.<\/p>\n\n\n\n<p>As\u00ed mismo, la contrataci\u00f3n de dos\nespecialistas en pediatr\u00eda, uno m\u00e1s en cirug\u00eda y anestesiolog\u00eda, sin dejar de\nmencionar la distribuci\u00f3n de insumos y medicamentos b\u00e1sicos de forma puntual en\nla localidad.<\/p>\n\n\n\n<p>De igual forma, pidieron a la\nDefensor\u00eda de los Derechos Humanos del Pueblo de Oaxaca que emita medidas\ncautelares urgentes a fin garantizar el derecho a la salud de la comunidad\nchatina, a la par que hicieron de conocimiento los hechos al Presidente de la\nRep\u00fablica, Andr\u00e9s Manuel L\u00f3pez Obrador.<\/p>\n\n\n\n<p>Aseguraron que la clausura de manera\nsimb\u00f3lica del Hospital B\u00e1sico Comunitario de San Jacinto Tlacotepec es una\nprimera acci\u00f3n de protesta, sin embargo, advirtieron que de no ser atendidas\nsus demandas por parte de las autoridades, el lunes produjo habitantes de la\nlocalidad har\u00e1n presencia en la capital y tornar\u00e1n otras medidas.<\/p>\n\n\n\n<p>Finalmente, y a pregunta expresa de los\nmedios de comunicaci\u00f3n aseguraron no tener casos a\u00fan de Covid-19 en la zona y\nde mantenerse respetuosos a las medidas sanitarias impulsadas por las\nautoridades estatales, incluida la cancelaci\u00f3n de festividades y actividades\nmasivas en la zona.<\/p>\n\n\n\n<p>Poco despu\u00e9s fueron atendidos en una\nreuni\u00f3n por funcionarios de los SSO y cerca de las tres de la tarde retiraron\nel bloqueo a la calle J. P. Garc\u00eda del Centro Hist\u00f3rico de la capital.<\/p>\n","protected":false},"excerpt":{"rendered":"<p>Evlin Arag\u00f3n\/Zona Roja. Oaxaca de Ju\u00e1rez, Oax., 13 de mayo de 2020.- Autoridades municipales de&hellip;<\/p>\n","protected":false},"author":2,"featured_media":12334,"comment_status":"closed","ping_status":"open","sticky":false,"template":"","format":"standard","meta":{"_lmt_disableupdate":"","_lmt_disable":"","_jetpack_memberships_contains_paid_content":false,"footnotes":""},"categories":[109,47],"tags":[1682,1005],"class_list":["post-12333","post","type-post","status-publish","format-standard","has-post-thumbnail","hentry","category-minuto-a-minuto","category-zona-gris","tag-san-jacinto-tlacotepec","tag-servicios-de-salud-de-oaxaca-sso"],"jetpack_featured_media_url":"https:\/\/zonaroja.com.mx\/wp-content\/uploads\/2020\/05\/IMG_0281.png","jetpack_sharing_enabled":true,"_links":{"self":[{"href":"https:\/\/zonaroja.com.mx\/index.php?rest_route=\/wp\/v2\/posts\/12333","targetHints":{"allow":["GET"]}}],"collection":[{"href":"https:\/\/zonaroja.com.mx\/index.php?rest_route=\/wp\/v2\/posts"}],"about":[{"href":"https:\/\/zonaroja.com.mx\/index.php?rest_route=\/wp\/v2\/types\/post"}],"author":[{"embeddable":true,"href":"https:\/\/zonaroja.com.mx\/index.php?rest_route=\/wp\/v2\/users\/2"}],"replies":[{"embeddable":true,"href":"https:\/\/zonaroja.com.mx\/index.php?rest_route=%2Fwp%2Fv2%2Fcomments&post=12333"}],"version-history":[{"count":2,"href":"https:\/\/zonaroja.com.mx\/index.php?rest_route=\/wp\/v2\/posts\/12333\/revisions"}],"predecessor-version":[{"id":12336,"href":"https:\/\/zonaroja.com.mx\/index.php?rest_route=\/wp\/v2\/posts\/12333\/revisions\/12336"}],"wp:featuredmedia":[{"embeddable":true,"href":"https:\/\/zonaroja.com.mx\/index.php?rest_route=\/wp\/v2\/media\/12334"}],"wp:attachment":[{"href":"https:\/\/zonaroja.com.mx\/index.php?rest_route=%2Fwp%2Fv2%2Fmedia&parent=12333"}],"wp:term":[{"taxonomy":"category","embeddable":true,"href":"https:\/\/zonaroja.com.mx\/index.php?rest_route=%2Fwp%2Fv2%2Fcategories&post=12333"},{"taxonomy":"post_tag","embeddable":true,"href":"https:\/\/zonaroja.com.mx\/index.php?rest_route=%2Fwp%2Fv2%2Ftags&post=12333"}],"curies":[{"name":"wp","href":"https:\/\/api.w.org\/{rel}","templated":true}]}}