{"id":12337,"date":"2020-05-13T15:47:01","date_gmt":"2020-05-13T20:47:01","guid":{"rendered":"http:\/\/www.zonaroja.com.mx\/?p=12337"},"modified":"2020-05-13T15:47:04","modified_gmt":"2020-05-13T20:47:04","slug":"lider-del-congreso-pide-a-municipios-reorientar-recursos-para-mitigar-impactos-del-covid","status":"publish","type":"post","link":"https:\/\/zonaroja.com.mx\/?p=12337","title":{"rendered":"L\u00edder del Congreso pide a municipios reorientar recursos para mitigar impactos del Covid"},"content":{"rendered":"\n<p>Redacci\u00f3n\/Zona Roja.<\/p>\n\n\n\n<p>Oaxaca de Ju\u00e1rez, Oax., 13 de mayo de\n2020.- A trav\u00e9s de un exhorto a los gobiernos municipales, el diputado Horacio\nSosa, les solicit\u00f3 implementar medidas para la atenci\u00f3n y contenci\u00f3n del Covid-19\ny sus consecuencias en Oaxaca; ello para aminorar el impacto econ\u00f3mico, en los\nservicios m\u00e9dicos, el abasto de agua y la alimentaci\u00f3n para los meses\nvenideros.<\/p>\n\n\n\n<p>El presidente de la Junta de\nCoordinaci\u00f3n Pol\u00edtica en la 64 Legislatura, dijo que persisten hist\u00f3ricamente\nagraviantes \u00edndices de pobreza y de carencia de servicios primordiales en\nOaxaca.<\/p>\n\n\n\n<p>Muestra de ello, es que, aun antes de\nla emergencia sanitaria, el segmento mayoritario de la poblaci\u00f3n padec\u00eda\ninseguridad alimentaria, falta de acceso al agua potable y precariedad en los\nservicios m\u00e9dicos.<\/p>\n\n\n\n<p>El legislador reiter\u00f3 que el Estado\ncuenta con un sistema de salud carente de infraestructura f\u00edsica e instrumental,\nde personal m\u00e9dico especializado y abasto suficiente de medicamentos, por lo\nque presta una atenci\u00f3n deficiente que afecta principalmente a personas en\nsituaci\u00f3n de pobreza y que no cuentan con cobertura m\u00e9dica.<\/p>\n\n\n\n<p>Por ello y ante la emergencia sanitaria\npor la que atraviesa Oaxaca, \u201ces urgente afrontar con voluntad pol\u00edtica y\nsuficientes recursos humanos y econ\u00f3micos las previsibles consecuencias\nvenideras como consecuencia de las medidas que han sido necesarias para\nafrontar la pandemia\u201d.<\/p>\n\n\n\n<p>Exhort\u00f3 a las autoridades municipales a\nfortalecer la promoci\u00f3n de la permanencia en casa; destinar recursos para\nproveer de agua potable a la poblaci\u00f3n, aspecto esencial durante la lucha\ncontra la epidemia.<\/p>\n\n\n\n<p>Reforzar la infraestructura para la atenci\u00f3n\nm\u00e9dico, y realizar un programa urgente para el abasto de alimentos, comprando\nla producci\u00f3n de sus agricultores locales y distribuy\u00e9ndola en el conjunto de\nsus habitantes, prioritariamente entre mujeres jefas de familia.<\/p>\n\n\n\n<p>Sobre los puntos relacionados con agua\ne infraestructura m\u00e9dica, se propone reorientar recursos del Fondo de\nAportaciones para la Infraestructura Social, conocido como Fondo III. <\/p>\n\n\n\n<p>Para el abasto alimentario se sugiere\ntomar recursos del Fondo de Aportaciones para el Fortalecimiento de los\nMunicipios y de las Demarcaciones Territoriales del Distrito Federal.<\/p>\n\n\n\n<p>Tambi\u00e9n, la Ley de Coordinaci\u00f3n Fiscal\nestablece en su art\u00edculo 33 los fines para los que pueden aplicarse los\nrecursos del Fondo de Aportaciones para la Infraestructura Social.<\/p>\n\n\n\n<p>En cuanto a los recursos que se plantean\npara que los ayuntamientos destinen a garantizar la alimentaci\u00f3n, la misma Ley\nde Coordinaci\u00f3n Fiscal, en su art\u00edculo 37, establece los fines para los que\npueden ser utilizados los recursos del Fondo de Aportaciones para el\nFortalecimiento de los Municipios.<\/p>\n","protected":false},"excerpt":{"rendered":"<p>Redacci\u00f3n\/Zona Roja. Oaxaca de Ju\u00e1rez, Oax., 13 de mayo de 2020.- A trav\u00e9s de un&hellip;<\/p>\n","protected":false},"author":2,"featured_media":12338,"comment_status":"closed","ping_status":"open","sticky":false,"template":"","format":"standard","meta":{"_lmt_disableupdate":"","_lmt_disable":"","_jetpack_memberships_contains_paid_content":false,"footnotes":""},"categories":[109,46],"tags":[444],"class_list":["post-12337","post","type-post","status-publish","format-standard","has-post-thumbnail","hentry","category-minuto-a-minuto","category-zona-blanca","tag-horacio-sosa-villavicencio"],"jetpack_featured_media_url":"https:\/\/zonaroja.com.mx\/wp-content\/uploads\/2020\/05\/Pide-Horacio-Sosa-a-municipios-reorientar-recursospara-mitigar-impacto-econo\u0301mico-del-COVID-19.jpeg","jetpack_sharing_enabled":true,"_links":{"self":[{"href":"https:\/\/zonaroja.com.mx\/index.php?rest_route=\/wp\/v2\/posts\/12337","targetHints":{"allow":["GET"]}}],"collection":[{"href":"https:\/\/zonaroja.com.mx\/index.php?rest_route=\/wp\/v2\/posts"}],"about":[{"href":"https:\/\/zonaroja.com.mx\/index.php?rest_route=\/wp\/v2\/types\/post"}],"author":[{"embeddable":true,"href":"https:\/\/zonaroja.com.mx\/index.php?rest_route=\/wp\/v2\/users\/2"}],"replies":[{"embeddable":true,"href":"https:\/\/zonaroja.com.mx\/index.php?rest_route=%2Fwp%2Fv2%2Fcomments&post=12337"}],"version-history":[{"count":1,"href":"https:\/\/zonaroja.com.mx\/index.php?rest_route=\/wp\/v2\/posts\/12337\/revisions"}],"predecessor-version":[{"id":12339,"href":"https:\/\/zonaroja.com.mx\/index.php?rest_route=\/wp\/v2\/posts\/12337\/revisions\/12339"}],"wp:featuredmedia":[{"embeddable":true,"href":"https:\/\/zonaroja.com.mx\/index.php?rest_route=\/wp\/v2\/media\/12338"}],"wp:attachment":[{"href":"https:\/\/zonaroja.com.mx\/index.php?rest_route=%2Fwp%2Fv2%2Fmedia&parent=12337"}],"wp:term":[{"taxonomy":"category","embeddable":true,"href":"https:\/\/zonaroja.com.mx\/index.php?rest_route=%2Fwp%2Fv2%2Fcategories&post=12337"},{"taxonomy":"post_tag","embeddable":true,"href":"https:\/\/zonaroja.com.mx\/index.php?rest_route=%2Fwp%2Fv2%2Ftags&post=12337"}],"curies":[{"name":"wp","href":"https:\/\/api.w.org\/{rel}","templated":true}]}}