{"id":12343,"date":"2020-05-13T18:46:18","date_gmt":"2020-05-13T23:46:18","guid":{"rendered":"http:\/\/www.zonaroja.com.mx\/?p=12343"},"modified":"2020-05-13T18:46:22","modified_gmt":"2020-05-13T23:46:22","slug":"ejecutan-a-individuo-en-salina-cruz-van-3-en-menos-de-una-semana","status":"publish","type":"post","link":"https:\/\/zonaroja.com.mx\/?p=12343","title":{"rendered":"Ejecutan a individuo en Salina Cruz; van 3 en menos de una semana"},"content":{"rendered":"\n<p>Redacci\u00f3n\/Zona Roja.<\/p>\n\n\n\n<p>Oaxaca de Ju\u00e1rez, Oax., 13 de mayo de\n2020.- Esta tarde fue ejecutada a balazos una persona en el centro de Salina\nCruz, mientras se desplazaba en su unidad de motor. En menos de una semana, se\nhan perpetrado tres cr\u00edmenes en ese municipio de la regi\u00f3n del Istmo de\nTehuantepec.<\/p>\n\n\n\n<p>Fue a la altura del bulevar Manuel\n\u00c1vila Camacho en que fue atacado un individuo que manejaba su coche tipo Gol,\nmarca Volkswagen, con placas de circulaci\u00f3n NBS-1392; por los impactos, choc\u00f3\ncon un poste de alumbrado p\u00fablico y qued\u00f3 a media vialidad.<\/p>\n\n\n\n<p>Fue identificado de manera preliminar Christoper \u00c1valos Aquino, de oficio carnicero; pese a los operativos de b\u00fasqueda, a\u00fan no han sido detenidos el o los presuntos agresores.<\/p>\n\n\n\n<figure class=\"wp-block-embed-twitter wp-block-embed is-type-rich is-provider-twitter\"><div class=\"wp-block-embed__wrapper\">\n<div class=\"twitter-tweet\"><blockquote class=\"twitter-tweet\" data-lang=\"es\"><p lang=\"es\" dir=\"ltr\"><a href=\"https:\/\/twitter.com\/hashtag\/OaxacaRojo?src=hash&amp;ref_src=twsrc%5Etfw\">#OaxacaRojo<\/a><br>De varios disparos de arma de fuego, ejecutan a una persona en la ciudad de Salina Cruz, Oaxaca; en menos de una semana, tres personas han sido asesinadas en ese municipio de la regi\u00f3n del Istmo de Tehuantepec. <a href=\"https:\/\/t.co\/DbEnxyZhul\">pic.twitter.com\/DbEnxyZhul<\/a><\/p>&mdash; Zona Roja Oaxaca (@MexRoja) <a href=\"https:\/\/twitter.com\/MexRoja\/status\/1260698124974280704?ref_src=twsrc%5Etfw\">13 de mayo de 2020<\/a><\/blockquote><\/div>\n<\/div><\/figure>\n\n\n\n<p>Apenas ayer por la tarde, en un\ndomicilio ubicado en camino a Bah\u00eda La Ventosa, fue ultimado un profesor afiliado\na la Secci\u00f3n 22 del SNTE, que reclam\u00f3 justicia por lo que consider\u00f3 un crimen;\notras versiones se\u00f1alan que se habr\u00eda ahorcado.<\/p>\n\n\n\n<p>Otro sujeto fue muerto por disparos de\narma de fuego el pasado jueves, tambi\u00e9n en dicha ciudad y puerto de la regi\u00f3n\nistme\u00f1a.<\/p>\n\n\n\n<p>Por otra parte, el lunes por la noche\nfue ultimada a balazos una persona en la comunidad de San Felipe Yagach\u00edn,\nperteneciente al municipio de Miahutl\u00e1n de Porfirio D\u00edaz; fue identificado como\nZ\u00f3simo L. R., de 58 a\u00f1os de edad.<\/p>\n","protected":false},"excerpt":{"rendered":"<p>Redacci\u00f3n\/Zona Roja. Oaxaca de Ju\u00e1rez, Oax., 13 de mayo de 2020.- Esta tarde fue ejecutada&hellip;<\/p>\n","protected":false},"author":2,"featured_media":12344,"comment_status":"closed","ping_status":"open","sticky":false,"template":"","format":"standard","meta":{"_lmt_disableupdate":"","_lmt_disable":"","_jetpack_memberships_contains_paid_content":false,"footnotes":""},"categories":[109,51],"tags":[168],"class_list":["post-12343","post","type-post","status-publish","format-standard","has-post-thumbnail","hentry","category-minuto-a-minuto","category-zona-roja","tag-salina-cruz"],"jetpack_featured_media_url":"https:\/\/zonaroja.com.mx\/wp-content\/uploads\/2020\/05\/1ea800b8-b915-4a6b-9964-d4b19e5b8a1a.jpg","jetpack_sharing_enabled":true,"_links":{"self":[{"href":"https:\/\/zonaroja.com.mx\/index.php?rest_route=\/wp\/v2\/posts\/12343","targetHints":{"allow":["GET"]}}],"collection":[{"href":"https:\/\/zonaroja.com.mx\/index.php?rest_route=\/wp\/v2\/posts"}],"about":[{"href":"https:\/\/zonaroja.com.mx\/index.php?rest_route=\/wp\/v2\/types\/post"}],"author":[{"embeddable":true,"href":"https:\/\/zonaroja.com.mx\/index.php?rest_route=\/wp\/v2\/users\/2"}],"replies":[{"embeddable":true,"href":"https:\/\/zonaroja.com.mx\/index.php?rest_route=%2Fwp%2Fv2%2Fcomments&post=12343"}],"version-history":[{"count":1,"href":"https:\/\/zonaroja.com.mx\/index.php?rest_route=\/wp\/v2\/posts\/12343\/revisions"}],"predecessor-version":[{"id":12345,"href":"https:\/\/zonaroja.com.mx\/index.php?rest_route=\/wp\/v2\/posts\/12343\/revisions\/12345"}],"wp:featuredmedia":[{"embeddable":true,"href":"https:\/\/zonaroja.com.mx\/index.php?rest_route=\/wp\/v2\/media\/12344"}],"wp:attachment":[{"href":"https:\/\/zonaroja.com.mx\/index.php?rest_route=%2Fwp%2Fv2%2Fmedia&parent=12343"}],"wp:term":[{"taxonomy":"category","embeddable":true,"href":"https:\/\/zonaroja.com.mx\/index.php?rest_route=%2Fwp%2Fv2%2Fcategories&post=12343"},{"taxonomy":"post_tag","embeddable":true,"href":"https:\/\/zonaroja.com.mx\/index.php?rest_route=%2Fwp%2Fv2%2Ftags&post=12343"}],"curies":[{"name":"wp","href":"https:\/\/api.w.org\/{rel}","templated":true}]}}