{"id":12346,"date":"2020-05-13T20:10:51","date_gmt":"2020-05-14T01:10:51","guid":{"rendered":"http:\/\/www.zonaroja.com.mx\/?p=12346"},"modified":"2020-05-13T20:10:55","modified_gmt":"2020-05-14T01:10:55","slug":"la-cuenca-acorralada-entre-mortalidad-de-covid-19-en-tuxtepec-y-veracruz","status":"publish","type":"post","link":"https:\/\/zonaroja.com.mx\/?p=12346","title":{"rendered":"La Cuenca, acorralada entre mortalidad de Covid-19 en Tuxtepec y Veracruz"},"content":{"rendered":"\n<p>Yuridiana Sosa\/Zona Roja.<\/p>\n\n\n\n<p>San Juan Bautista Tuxtepec, Oax., 13 de mayo de 2020.-\u00a0 A pesar que en la regi\u00f3n de la Cuenca del Papaloapan en Oaxaca, s\u00f3lo cinco de 19 municipios cuentan entre uno y 29 casos de Covid-19, la vecindad de algunas comunidades con el estado de Veracruz tambi\u00e9n representa un riesgo para la poblaci\u00f3n.<\/p>\n\n\n\n<p>La Cuenca, atendida por la Jurisdicci\u00f3n Sanitaria n\u00famero 03 de los Servicios de Salud de Oaxaca (SSO), registra 35 casos acumulados de coronavirus, es la segunda zona m\u00e1s afectada en todo el estado.<\/p>\n\n\n\n<p>Esta regi\u00f3n cuenta con 14 municipios\nlibres de casos, sin embargo, la poblaci\u00f3n de estas comunidades, en su mayor\u00eda,\ndepende de las actividades comerciales, educativas, laborales, entre otras, de\nlos municipios que concentran los casos de Covid-19, como es San Juan Bautista\nTuxtepec, con 29 diagn\u00f3sticos positivos.<\/p>\n\n\n\n<p>Con un caso se cuenta a San Jos\u00e9\nChiltepec y San Lucas Ojitl\u00e1n; con dos casos a Loma Bonita y San Miguel\nSoyaltepec.<\/p>\n\n\n\n<p>En otros casos, como son los municipios\nde Acatl\u00e1n de P\u00e9rez de Figueroa y San Jos\u00e9 Cosolapa, que est\u00e1n libres de casos,\nsus colindancias con municipios veracruzanos con casos positivos tambi\u00e9n\nrepresentan un riesgo.<\/p>\n\n\n\n<p>En al menos tres municipios de Veracruz\nque colindan geogr\u00e1ficamente con los oaxaque\u00f1os se registran 28 casos positivos\nde Covid-19 hasta este 11 de mayo, distribuidos entre Cosamaloapan, Tierra\nBlanca y Tlacotalpan.<\/p>\n\n\n\n<p>Los municipios que tambi\u00e9n est\u00e1n sin\ncasos en la Cuenca del Papaloapan, hasta este 12 de mayo, son: Ayotzintepec;\nSan Felipe Jalapa de D\u00edaz y San Pedro Ixtl\u00e1n, pero ambos colindan con Ojitl\u00e1n\nque cuenta con un caso; San Felipe Usila, San Jos\u00e9 Independencia, Santa Mar\u00eda\nJacatepec, San Juan Bautista Valle Nacional,San Juan Comaltepec, San Juan\nLalana, San Juan Petlapa, Santiago Jocotepec y Santiago Yaveo.<\/p>\n","protected":false},"excerpt":{"rendered":"<p>Yuridiana Sosa\/Zona Roja. San Juan Bautista Tuxtepec, Oax., 13 de mayo de 2020.-\u00a0 A pesar&hellip;<\/p>\n","protected":false},"author":2,"featured_media":9508,"comment_status":"closed","ping_status":"open","sticky":false,"template":"","format":"standard","meta":{"_lmt_disableupdate":"","_lmt_disable":"","_jetpack_memberships_contains_paid_content":false,"footnotes":""},"categories":[109,47],"tags":[1512],"class_list":["post-12346","post","type-post","status-publish","format-standard","has-post-thumbnail","hentry","category-minuto-a-minuto","category-zona-gris","tag-coronavirus-oaxaca"],"jetpack_featured_media_url":"https:\/\/zonaroja.com.mx\/wp-content\/uploads\/2020\/03\/Coronavirus-Covid.jpg","jetpack_sharing_enabled":true,"_links":{"self":[{"href":"https:\/\/zonaroja.com.mx\/index.php?rest_route=\/wp\/v2\/posts\/12346","targetHints":{"allow":["GET"]}}],"collection":[{"href":"https:\/\/zonaroja.com.mx\/index.php?rest_route=\/wp\/v2\/posts"}],"about":[{"href":"https:\/\/zonaroja.com.mx\/index.php?rest_route=\/wp\/v2\/types\/post"}],"author":[{"embeddable":true,"href":"https:\/\/zonaroja.com.mx\/index.php?rest_route=\/wp\/v2\/users\/2"}],"replies":[{"embeddable":true,"href":"https:\/\/zonaroja.com.mx\/index.php?rest_route=%2Fwp%2Fv2%2Fcomments&post=12346"}],"version-history":[{"count":1,"href":"https:\/\/zonaroja.com.mx\/index.php?rest_route=\/wp\/v2\/posts\/12346\/revisions"}],"predecessor-version":[{"id":12347,"href":"https:\/\/zonaroja.com.mx\/index.php?rest_route=\/wp\/v2\/posts\/12346\/revisions\/12347"}],"wp:featuredmedia":[{"embeddable":true,"href":"https:\/\/zonaroja.com.mx\/index.php?rest_route=\/wp\/v2\/media\/9508"}],"wp:attachment":[{"href":"https:\/\/zonaroja.com.mx\/index.php?rest_route=%2Fwp%2Fv2%2Fmedia&parent=12346"}],"wp:term":[{"taxonomy":"category","embeddable":true,"href":"https:\/\/zonaroja.com.mx\/index.php?rest_route=%2Fwp%2Fv2%2Fcategories&post=12346"},{"taxonomy":"post_tag","embeddable":true,"href":"https:\/\/zonaroja.com.mx\/index.php?rest_route=%2Fwp%2Fv2%2Ftags&post=12346"}],"curies":[{"name":"wp","href":"https:\/\/api.w.org\/{rel}","templated":true}]}}