{"id":12348,"date":"2020-05-13T21:50:30","date_gmt":"2020-05-14T02:50:30","guid":{"rendered":"http:\/\/www.zonaroja.com.mx\/?p=12348"},"modified":"2020-05-13T21:50:33","modified_gmt":"2020-05-14T02:50:33","slug":"detienen-en-oaxaca-a-dos-presuntos-integrantes-del-cartel-jalisco","status":"publish","type":"post","link":"https:\/\/zonaroja.com.mx\/?p=12348","title":{"rendered":"Detienen en Oaxaca a dos presuntos integrantes del C\u00e1rtel Jalisco"},"content":{"rendered":"\n<p>Redacci\u00f3n\/Zona Roja.<\/p>\n\n\n\n<p>Oaxaca de Ju\u00e1rez, Oax., 13 de mayo de\n2020.- Elementos de la Polic\u00eda Estatal de Oaxaca detuvieron la tarde de hoy en\nSan Juan Bautista Tuxtepec a dos presuntos integrantes del C\u00e1rtel Jalisco Nueva\nGeneraci\u00f3n (CJNG).<\/p>\n\n\n\n<p>Los hechos ocurrieron la tarde de este\nmi\u00e9rcoles en inmediaciones de la colonia Del Carmen, a un costado de la\ncarretera Tuxtepec-Oaxaca.<\/p>\n\n\n\n<p>Los sujetos, identificados como \u00c1lvaro\nR. P, alias \u201cEl Vampiro\u201d y \u00c1ngel Romualdo, respondieron con disparos de arma de\nfuego cuando iban a ser detenidos, tras intentar darse a la fuga.<\/p>\n\n\n\n<p>No obstante, el personal policiaco de\nla Secretar\u00eda de Seguridad P\u00fablica de Oaxaca y de la Polic\u00eda Municipal de\nTuxtepec, lograron detener la camioneta marca Nissan, color gris, con placas de\ncirculaci\u00f3n YED-579A y someter a los sujetos.<\/p>\n\n\n\n<p>Ambos dijeron pertenecer al C\u00e1rtel\nJalisco Nueva Generaci\u00f3n y se les hallaron armas de fuego; fueron puestos a\ndisposici\u00f3n de la autoridad ministerial para iniciarles el proceso judicial.<\/p>\n","protected":false},"excerpt":{"rendered":"<p>Redacci\u00f3n\/Zona Roja. Oaxaca de Ju\u00e1rez, Oax., 13 de mayo de 2020.- Elementos de la Polic\u00eda&hellip;<\/p>\n","protected":false},"author":2,"featured_media":12349,"comment_status":"closed","ping_status":"open","sticky":false,"template":"","format":"standard","meta":{"_lmt_disableupdate":"","_lmt_disable":"","_jetpack_memberships_contains_paid_content":false,"footnotes":""},"categories":[109,51],"tags":[118],"class_list":["post-12348","post","type-post","status-publish","format-standard","has-post-thumbnail","hentry","category-minuto-a-minuto","category-zona-roja","tag-san-juan-bautista-tuxtepec"],"jetpack_featured_media_url":"https:\/\/zonaroja.com.mx\/wp-content\/uploads\/2020\/05\/PHOTO-2020-05-13-21-48-00.jpg","jetpack_sharing_enabled":true,"_links":{"self":[{"href":"https:\/\/zonaroja.com.mx\/index.php?rest_route=\/wp\/v2\/posts\/12348","targetHints":{"allow":["GET"]}}],"collection":[{"href":"https:\/\/zonaroja.com.mx\/index.php?rest_route=\/wp\/v2\/posts"}],"about":[{"href":"https:\/\/zonaroja.com.mx\/index.php?rest_route=\/wp\/v2\/types\/post"}],"author":[{"embeddable":true,"href":"https:\/\/zonaroja.com.mx\/index.php?rest_route=\/wp\/v2\/users\/2"}],"replies":[{"embeddable":true,"href":"https:\/\/zonaroja.com.mx\/index.php?rest_route=%2Fwp%2Fv2%2Fcomments&post=12348"}],"version-history":[{"count":1,"href":"https:\/\/zonaroja.com.mx\/index.php?rest_route=\/wp\/v2\/posts\/12348\/revisions"}],"predecessor-version":[{"id":12350,"href":"https:\/\/zonaroja.com.mx\/index.php?rest_route=\/wp\/v2\/posts\/12348\/revisions\/12350"}],"wp:featuredmedia":[{"embeddable":true,"href":"https:\/\/zonaroja.com.mx\/index.php?rest_route=\/wp\/v2\/media\/12349"}],"wp:attachment":[{"href":"https:\/\/zonaroja.com.mx\/index.php?rest_route=%2Fwp%2Fv2%2Fmedia&parent=12348"}],"wp:term":[{"taxonomy":"category","embeddable":true,"href":"https:\/\/zonaroja.com.mx\/index.php?rest_route=%2Fwp%2Fv2%2Fcategories&post=12348"},{"taxonomy":"post_tag","embeddable":true,"href":"https:\/\/zonaroja.com.mx\/index.php?rest_route=%2Fwp%2Fv2%2Ftags&post=12348"}],"curies":[{"name":"wp","href":"https:\/\/api.w.org\/{rel}","templated":true}]}}