{"id":12355,"date":"2020-05-13T22:34:25","date_gmt":"2020-05-14T03:34:25","guid":{"rendered":"http:\/\/www.zonaroja.com.mx\/?p=12355"},"modified":"2020-05-13T22:45:48","modified_gmt":"2020-05-14T03:45:48","slug":"crece-violencia-en-la-capital-de-oaxaca-ejecutan-a-individuo","status":"publish","type":"post","link":"https:\/\/zonaroja.com.mx\/?p=12355","title":{"rendered":"Crece violencia en la capital de Oaxaca: ejecutan a individuo"},"content":{"rendered":"\n<p>Ismael Garc\u00eda\/Zona Roja.<\/p>\n\n\n\n<p>Oaxaca de Ju\u00e1rez, Oax., 13 de mayo de 2020.- Mientras en la ma\u00f1ana un sujeto fue atacado a balazos en la agencia de Cinco Se\u00f1ores de la capital de Oaxaca, esta noche una persona del sexo masculino fue ultimada por disparos de arma de fuego en la zona poniente. <\/p>\n\n\n\n<p>Los hechos ocurrieron poco despu\u00e9s de las 21:00 horas en la calzada Madero, a un costado de la cl\u00ednica n\u00famero 38 del Instituto Mexicano del Seguro Social.<\/p>\n\n\n\n<figure class=\"wp-block-embed-twitter wp-block-embed is-type-rich is-provider-twitter\"><div class=\"wp-block-embed__wrapper\">\n<div class=\"twitter-tweet\"><blockquote class=\"twitter-tweet\" data-lang=\"es\"><p lang=\"es\" dir=\"ltr\"><a href=\"https:\/\/twitter.com\/hashtag\/OaxacaRojo?src=hash&amp;ref_src=twsrc%5Etfw\">#OaxacaRojo<\/a><br>Como Juan Luis D. I. fue identificada la persona que muri\u00f3 esta noche a causa de un disparo de arma de fuego en la boca, en la calzada Madero de la capital de <a href=\"https:\/\/twitter.com\/hashtag\/Oaxaca?src=hash&amp;ref_src=twsrc%5Etfw\">#Oaxaca<\/a>, junto a la cl\u00ednica 38 del IMSS. <a href=\"https:\/\/t.co\/vcfqECEmBd\">pic.twitter.com\/vcfqECEmBd<\/a><\/p>&mdash; Zona Roja Oaxaca (@MexRoja) <a href=\"https:\/\/twitter.com\/MexRoja\/status\/1260769104992092162?ref_src=twsrc%5Etfw\">14 de mayo de 2020<\/a><\/blockquote><\/div>\n<\/div><\/figure>\n\n\n\n<p>Presuntamente un sujeto desconocido dispar\u00f3 en contra de quien fue identificado de manera preliminar como Jes\u00fas Gabriel N\u00fa\u00f1ez Cabrera (otra fuente revel\u00f3 que se trataba de Juan Luis D. I,), quien presenta una lesi\u00f3n a la altura de la boca.<\/p>\n\n\n\n<p>Personal del Heroico Cuerpo de Bomberos\natendi\u00f3 a la v\u00edctima, pero corrobor\u00f3 que no ten\u00eda signos vitales.<\/p>\n\n\n\n<p>Por la ma\u00f1ana de este mi\u00e9rcoles, un individuo fue agredido tambi\u00e9n a balazos en la calle prolongaci\u00f3n de La Noria, en la agencia de Cinco Se\u00f1ores; fue identificado como custodio del reclusorio estatal del Centro de Reinserci\u00f3n Social estatal ubicado en Miahuatl\u00e1n de Porfirio D\u00edaz.<\/p>\n\n\n\n<p>Desde el inicio de la emergencia sanitaria por la pandemia del Covid-19, el ayuntamiento de Oaxaca de Ju\u00e1rez opt\u00f3 por disponer de los elementos policiacos para ahuyentar a la gente de los espacios p\u00fablicos, a fin de evitar contagios. <\/p>\n","protected":false},"excerpt":{"rendered":"<p>Ismael Garc\u00eda\/Zona Roja. Oaxaca de Ju\u00e1rez, Oax., 13 de mayo de 2020.- Mientras en la&hellip;<\/p>\n","protected":false},"author":2,"featured_media":12356,"comment_status":"closed","ping_status":"open","sticky":false,"template":"","format":"standard","meta":{"_lmt_disableupdate":"","_lmt_disable":"","_jetpack_memberships_contains_paid_content":false,"footnotes":""},"categories":[109,51],"tags":[148],"class_list":["post-12355","post","type-post","status-publish","format-standard","has-post-thumbnail","hentry","category-minuto-a-minuto","category-zona-roja","tag-oaxaca-de-juarez"],"jetpack_featured_media_url":"https:\/\/zonaroja.com.mx\/wp-content\/uploads\/2020\/05\/Ejecutado-ciudad-de-Oaxaca.jpg","jetpack_sharing_enabled":true,"_links":{"self":[{"href":"https:\/\/zonaroja.com.mx\/index.php?rest_route=\/wp\/v2\/posts\/12355","targetHints":{"allow":["GET"]}}],"collection":[{"href":"https:\/\/zonaroja.com.mx\/index.php?rest_route=\/wp\/v2\/posts"}],"about":[{"href":"https:\/\/zonaroja.com.mx\/index.php?rest_route=\/wp\/v2\/types\/post"}],"author":[{"embeddable":true,"href":"https:\/\/zonaroja.com.mx\/index.php?rest_route=\/wp\/v2\/users\/2"}],"replies":[{"embeddable":true,"href":"https:\/\/zonaroja.com.mx\/index.php?rest_route=%2Fwp%2Fv2%2Fcomments&post=12355"}],"version-history":[{"count":2,"href":"https:\/\/zonaroja.com.mx\/index.php?rest_route=\/wp\/v2\/posts\/12355\/revisions"}],"predecessor-version":[{"id":12358,"href":"https:\/\/zonaroja.com.mx\/index.php?rest_route=\/wp\/v2\/posts\/12355\/revisions\/12358"}],"wp:featuredmedia":[{"embeddable":true,"href":"https:\/\/zonaroja.com.mx\/index.php?rest_route=\/wp\/v2\/media\/12356"}],"wp:attachment":[{"href":"https:\/\/zonaroja.com.mx\/index.php?rest_route=%2Fwp%2Fv2%2Fmedia&parent=12355"}],"wp:term":[{"taxonomy":"category","embeddable":true,"href":"https:\/\/zonaroja.com.mx\/index.php?rest_route=%2Fwp%2Fv2%2Fcategories&post=12355"},{"taxonomy":"post_tag","embeddable":true,"href":"https:\/\/zonaroja.com.mx\/index.php?rest_route=%2Fwp%2Fv2%2Ftags&post=12355"}],"curies":[{"name":"wp","href":"https:\/\/api.w.org\/{rel}","templated":true}]}}