{"id":12359,"date":"2020-05-14T07:51:25","date_gmt":"2020-05-14T12:51:25","guid":{"rendered":"http:\/\/www.zonaroja.com.mx\/?p=12359"},"modified":"2020-05-14T07:51:28","modified_gmt":"2020-05-14T12:51:28","slug":"suma-salina-cruz-dos-ejecutados-fueron-cuatro-ayer-en-oaxaca","status":"publish","type":"post","link":"https:\/\/zonaroja.com.mx\/?p=12359","title":{"rendered":"Suma Salina Cruz dos ejecutados; fueron cuatro ayer en Oaxaca"},"content":{"rendered":"\n<p>Ismael Garc\u00eda M.\/Zona Roja.<\/p>\n\n\n\n<p>Oaxaca de Ju\u00e1rez, Oax., 14 de mayo de\n2020.- Cuatro personas fueron asesinadas ayer a balazos en diversas zonas de\nOaxaca, dos de las cuales se registraron en el municipio de Salina Cruz.<\/p>\n\n\n\n<p>Anoche en la ciudad porte\u00f1a del Istmo\nde Tehuantepec fue ultimado por disparos de arma de fuego un individuo\nidentificado como La\u00edn Alberto Tamay Marcial, de aproximadamente 25 a\u00f1os de\nedad.<\/p>\n\n\n\n<p>Sujetos armados le dispararon afuera de\nsu domicilio, en la calle 5 de Mayo de la colonia Juquilita; recibi\u00f3 al menos\ncuatro disparos de arma de fuego.<\/p>\n\n\n\n<p>Horas antes, tambi\u00e9n en Salina Cruz,\nfue ejecutado a balazos una persona del sexo masculino, cuando transitaba en su\nveh\u00edculo sobre el bulevar Manuel \u00c1vila Camacho; fue identificado como Christoper\nA. A.<\/p>\n\n\n\n<p>Como se inform\u00f3, otra persona fue\nasesinada por proyectiles de arma de fuego en la calzada Madero de la ciudad de\nOaxaca; respond\u00eda al nombre de Jes\u00fas Gabriel N\u00fa\u00f1ez Cabrera.<\/p>\n\n\n\n<p>Por otra parte, ayer por la tarde se\ninform\u00f3 de otro homicidio, en el municipio de Santa Mar\u00eda Zacatepec, del\ndistrito de Putla; Javier C. Q., de 59 a\u00f1os de edad, presentaba varios disparos\nde arma de fuego en el cuerpo.<\/p>\n\n\n\n<p>Mientras tanto, en un domicilio del\nfraccionamiento Real Antequera, en el municipio de San Raymundo Jalpan, en la\nregi\u00f3n Valles Centrales, fue hallado el cuerpo putrefacto de una persona del\nsexo masculino, que a\u00fan no ha sido identificada.<\/p>\n\n\n\n<p>Ayer por la noche tambi\u00e9n, pero en\nSanta Mar\u00eda Huatulco, dos personas resultaron heridas a balazos, en la\ncomunidad de El Pajarito, ubicada a un costado de la carretera federal 200;\npresuntamente fue por una ri\u00f1a.<\/p>\n","protected":false},"excerpt":{"rendered":"<p>Ismael Garc\u00eda M.\/Zona Roja. Oaxaca de Ju\u00e1rez, Oax., 14 de mayo de 2020.- Cuatro personas&hellip;<\/p>\n","protected":false},"author":2,"featured_media":12360,"comment_status":"closed","ping_status":"open","sticky":false,"template":"","format":"standard","meta":{"_lmt_disableupdate":"","_lmt_disable":"","_jetpack_memberships_contains_paid_content":false,"footnotes":""},"categories":[109,51],"tags":[1564],"class_list":["post-12359","post","type-post","status-publish","format-standard","has-post-thumbnail","hentry","category-minuto-a-minuto","category-zona-roja","tag-asesinatos-oaxaca"],"jetpack_featured_media_url":"https:\/\/zonaroja.com.mx\/wp-content\/uploads\/2020\/05\/6eddc3c1-a383-4f37-a4e1-51387a23e725.jpg","jetpack_sharing_enabled":true,"_links":{"self":[{"href":"https:\/\/zonaroja.com.mx\/index.php?rest_route=\/wp\/v2\/posts\/12359","targetHints":{"allow":["GET"]}}],"collection":[{"href":"https:\/\/zonaroja.com.mx\/index.php?rest_route=\/wp\/v2\/posts"}],"about":[{"href":"https:\/\/zonaroja.com.mx\/index.php?rest_route=\/wp\/v2\/types\/post"}],"author":[{"embeddable":true,"href":"https:\/\/zonaroja.com.mx\/index.php?rest_route=\/wp\/v2\/users\/2"}],"replies":[{"embeddable":true,"href":"https:\/\/zonaroja.com.mx\/index.php?rest_route=%2Fwp%2Fv2%2Fcomments&post=12359"}],"version-history":[{"count":1,"href":"https:\/\/zonaroja.com.mx\/index.php?rest_route=\/wp\/v2\/posts\/12359\/revisions"}],"predecessor-version":[{"id":12361,"href":"https:\/\/zonaroja.com.mx\/index.php?rest_route=\/wp\/v2\/posts\/12359\/revisions\/12361"}],"wp:featuredmedia":[{"embeddable":true,"href":"https:\/\/zonaroja.com.mx\/index.php?rest_route=\/wp\/v2\/media\/12360"}],"wp:attachment":[{"href":"https:\/\/zonaroja.com.mx\/index.php?rest_route=%2Fwp%2Fv2%2Fmedia&parent=12359"}],"wp:term":[{"taxonomy":"category","embeddable":true,"href":"https:\/\/zonaroja.com.mx\/index.php?rest_route=%2Fwp%2Fv2%2Fcategories&post=12359"},{"taxonomy":"post_tag","embeddable":true,"href":"https:\/\/zonaroja.com.mx\/index.php?rest_route=%2Fwp%2Fv2%2Ftags&post=12359"}],"curies":[{"name":"wp","href":"https:\/\/api.w.org\/{rel}","templated":true}]}}